{"id":7003,"date":"2025-08-20T22:01:01","date_gmt":"2025-08-20T22:01:01","guid":{"rendered":"https:\/\/pocinhos.pb.gov.br\/site\/?p=7003"},"modified":"2025-09-29T22:04:21","modified_gmt":"2025-09-29T22:04:21","slug":"prefeitura-de-pocinhos-lanca-programa-de-melhoramento-genetico-para-rebanhos-de-caprinos-ovinos-e-bovinos","status":"publish","type":"post","link":"https:\/\/pocinhos.pb.gov.br\/site\/prefeitura-de-pocinhos-lanca-programa-de-melhoramento-genetico-para-rebanhos-de-caprinos-ovinos-e-bovinos\/","title":{"rendered":"Prefeitura de Pocinhos lan\u00e7a programa de melhoramento gen\u00e9tico para rebanhos de caprinos, ovinos e bovinos"},"content":{"rendered":"<p>A Prefeitura Municipal de Pocinhos, por meio da Secretaria de Agricultura e em parceria com a APACO (Associa\u00e7\u00e3o Paraibana de Criadores de Caprinos e Ovinos) e o Governo Federal, anuncia o in\u00edcio de um novo Programa de Melhoramento Gen\u00e9tico voltado a criadores de caprinos, ovinos e bovinos do munic\u00edpio.<\/p>\n<p>A iniciativa busca oferecer suporte t\u00e9cnico e gen\u00e9tico para otimizar a produ\u00e7\u00e3o leiteira e de corte. O foco do programa \u00e9 melhorar a produtividade e a qualidade dos rebanhos locais, promovendo o desenvolvimento da agropecu\u00e1ria familiar e a valoriza\u00e7\u00e3o da pecu\u00e1ria regional.<\/p>\n<p>O programa contempla tanto cabra leiteira, como caprinos e ovinos de corte, al\u00e9m do rebanho bovino, oferecendo desde assist\u00eancia t\u00e9cnica especializada at\u00e9 o acompanhamento do desempenho produtivo dos animais ao longo do ciclo.<\/p>\n<p>A a\u00e7\u00e3o deve beneficiar pequenos e m\u00e9dios criadores do munic\u00edpio, que muitas vezes enfrentam dificuldades para acessar tecnologias de melhoramento gen\u00e9tico. Com mais essa iniciativa, a gest\u00e3o municipal reafirma seu compromisso com o fortalecimento da produ\u00e7\u00e3o rural e o desenvolvimento sustent\u00e1vel do campo.<\/p>\n","protected":false},"excerpt":{"rendered":"<p>A Prefeitura Municipal de Pocinhos, por meio da Secretaria de Agricultura e em parceria com a APACO (Associa\u00e7\u00e3o Paraibana de Criadores de Caprinos e Ovinos) e o Governo Federal, anuncia o in\u00edcio de um novo Programa de Melhoramento Gen\u00e9tico voltado a criadores de caprinos, ovinos e bovinos do munic\u00edpio. A iniciativa busca oferecer suporte t\u00e9cnico&#8230;<\/p>\n","protected":false},"author":4,"featured_media":7004,"comment_status":"closed","ping_status":"open","sticky":false,"template":"","format":"standard","meta":{"footnotes":""},"categories":[2],"tags":[],"class_list":["post-7003","post","type-post","status-publish","format-standard","has-post-thumbnail","hentry","category-noticias"],"aioseo_notices":[],"_links":{"self":[{"href":"https:\/\/pocinhos.pb.gov.br\/site\/wp-json\/wp\/v2\/posts\/7003","targetHints":{"allow":["GET"]}}],"collection":[{"href":"https:\/\/pocinhos.pb.gov.br\/site\/wp-json\/wp\/v2\/posts"}],"about":[{"href":"https:\/\/pocinhos.pb.gov.br\/site\/wp-json\/wp\/v2\/types\/post"}],"author":[{"embeddable":true,"href":"https:\/\/pocinhos.pb.gov.br\/site\/wp-json\/wp\/v2\/users\/4"}],"replies":[{"embeddable":true,"href":"https:\/\/pocinhos.pb.gov.br\/site\/wp-json\/wp\/v2\/comments?post=7003"}],"version-history":[{"count":1,"href":"https:\/\/pocinhos.pb.gov.br\/site\/wp-json\/wp\/v2\/posts\/7003\/revisions"}],"predecessor-version":[{"id":7005,"href":"https:\/\/pocinhos.pb.gov.br\/site\/wp-json\/wp\/v2\/posts\/7003\/revisions\/7005"}],"wp:featuredmedia":[{"embeddable":true,"href":"https:\/\/pocinhos.pb.gov.br\/site\/wp-json\/wp\/v2\/media\/7004"}],"wp:attachment":[{"href":"https:\/\/pocinhos.pb.gov.br\/site\/wp-json\/wp\/v2\/media?parent=7003"}],"wp:term":[{"taxonomy":"category","embeddable":true,"href":"https:\/\/pocinhos.pb.gov.br\/site\/wp-json\/wp\/v2\/categories?post=7003"},{"taxonomy":"post_tag","embeddable":true,"href":"https:\/\/pocinhos.pb.gov.br\/site\/wp-json\/wp\/v2\/tags?post=7003"}],"curies":[{"name":"wp","href":"https:\/\/api.w.org\/{rel}","templated":true}]}}