{"id":7020,"date":"2025-09-04T23:36:59","date_gmt":"2025-09-04T23:36:59","guid":{"rendered":"https:\/\/pocinhos.pb.gov.br\/site\/?p=7020"},"modified":"2025-09-29T23:40:29","modified_gmt":"2025-09-29T23:40:29","slug":"escola-de-artes-de-pocinhos-abre-matriculas-para-cursos-gratuitos-de-canto-musica-teatro-e-taekwondo","status":"publish","type":"post","link":"https:\/\/pocinhos.pb.gov.br\/site\/escola-de-artes-de-pocinhos-abre-matriculas-para-cursos-gratuitos-de-canto-musica-teatro-e-taekwondo\/","title":{"rendered":"Escola de Artes de Pocinhos abre matr\u00edculas para cursos gratuitos de canto, m\u00fasica, teatro e taekwondo"},"content":{"rendered":"<p data-start=\"287\" data-end=\"672\">A Prefeitura de Pocinhos, por meio da Secretaria de Cultura, informa que est\u00e3o abertas as matr\u00edculas para os cursos gratuitos da Escola de Artes de Pocinhos. As inscri\u00e7\u00f5es poder\u00e3o ser realizadas de 08 a 19 de setembro na Secretaria de Cultura, oportunidade para que crian\u00e7as, jovens e adultos desenvolvam talentos art\u00edsticos e esportivos.<\/p>\n<p data-start=\"674\" data-end=\"857\">Para este ano, a Escola oferece vagas para os cursos de canto\/coral, viol\u00e3o, violino, teatro e taekwondo. J\u00e1 os cursos de ballet e jud\u00f4 est\u00e3o com as vagas preenchidas.<\/p>\n<p data-start=\"859\" data-end=\"1094\">A iniciativa reafirma o compromisso da gest\u00e3o municipal com a promo\u00e7\u00e3o da cultura, do esporte e do acesso \u00e0 educa\u00e7\u00e3o art\u00edstica como instrumentos de inclus\u00e3o social, desenvolvimento pessoal e fortalecimento da identidade cultural local. Os interessados devem procurar a Secretaria de Cultura para garantir sua matr\u00edcula.<\/p>\n<p data-start=\"1228\" data-end=\"1253\"><strong data-start=\"1228\" data-end=\"1251\">Cursos dispon\u00edveis:<\/strong><\/p>\n<ul data-start=\"1254\" data-end=\"1317\">\n<li data-start=\"1254\" data-end=\"1271\">\n<p data-start=\"1256\" data-end=\"1271\">Canto \/ Coral<\/p>\n<\/li>\n<li data-start=\"1272\" data-end=\"1282\">\n<p data-start=\"1274\" data-end=\"1282\">Viol\u00e3o<\/p>\n<\/li>\n<li data-start=\"1283\" data-end=\"1294\">\n<p data-start=\"1285\" data-end=\"1294\">Violino<\/p>\n<\/li>\n<li data-start=\"1295\" data-end=\"1305\">\n<p data-start=\"1297\" data-end=\"1305\">Teatro<\/p>\n<\/li>\n<li data-start=\"1306\" data-end=\"1317\">\n<p data-start=\"1308\" data-end=\"1317\">Taekwondo<\/p>\n<\/li>\n<\/ul>\n","protected":false},"excerpt":{"rendered":"<p>A Prefeitura de Pocinhos, por meio da Secretaria de Cultura, informa que est\u00e3o abertas as matr\u00edculas para os cursos gratuitos da Escola de Artes de Pocinhos. As inscri\u00e7\u00f5es poder\u00e3o ser realizadas de 08 a 19 de setembro na Secretaria de Cultura, oportunidade para que crian\u00e7as, jovens e adultos desenvolvam talentos art\u00edsticos e esportivos. Para este&#8230;<\/p>\n","protected":false},"author":4,"featured_media":7021,"comment_status":"closed","ping_status":"open","sticky":false,"template":"","format":"standard","meta":{"footnotes":""},"categories":[2],"tags":[],"class_list":["post-7020","post","type-post","status-publish","format-standard","has-post-thumbnail","hentry","category-noticias"],"aioseo_notices":[],"_links":{"self":[{"href":"https:\/\/pocinhos.pb.gov.br\/site\/wp-json\/wp\/v2\/posts\/7020","targetHints":{"allow":["GET"]}}],"collection":[{"href":"https:\/\/pocinhos.pb.gov.br\/site\/wp-json\/wp\/v2\/posts"}],"about":[{"href":"https:\/\/pocinhos.pb.gov.br\/site\/wp-json\/wp\/v2\/types\/post"}],"author":[{"embeddable":true,"href":"https:\/\/pocinhos.pb.gov.br\/site\/wp-json\/wp\/v2\/users\/4"}],"replies":[{"embeddable":true,"href":"https:\/\/pocinhos.pb.gov.br\/site\/wp-json\/wp\/v2\/comments?post=7020"}],"version-history":[{"count":2,"href":"https:\/\/pocinhos.pb.gov.br\/site\/wp-json\/wp\/v2\/posts\/7020\/revisions"}],"predecessor-version":[{"id":7023,"href":"https:\/\/pocinhos.pb.gov.br\/site\/wp-json\/wp\/v2\/posts\/7020\/revisions\/7023"}],"wp:featuredmedia":[{"embeddable":true,"href":"https:\/\/pocinhos.pb.gov.br\/site\/wp-json\/wp\/v2\/media\/7021"}],"wp:attachment":[{"href":"https:\/\/pocinhos.pb.gov.br\/site\/wp-json\/wp\/v2\/media?parent=7020"}],"wp:term":[{"taxonomy":"category","embeddable":true,"href":"https:\/\/pocinhos.pb.gov.br\/site\/wp-json\/wp\/v2\/categories?post=7020"},{"taxonomy":"post_tag","embeddable":true,"href":"https:\/\/pocinhos.pb.gov.br\/site\/wp-json\/wp\/v2\/tags?post=7020"}],"curies":[{"name":"wp","href":"https:\/\/api.w.org\/{rel}","templated":true}]}}