{"id":7025,"date":"2025-09-08T23:41:01","date_gmt":"2025-09-08T23:41:01","guid":{"rendered":"https:\/\/pocinhos.pb.gov.br\/site\/?p=7025"},"modified":"2025-09-29T23:45:54","modified_gmt":"2025-09-29T23:45:54","slug":"atletas-de-pocinhos-sao-convocados-para-a-selecao-paraibana-de-judo-e-representam-o-municipio-no-campeonato-brasileiro-final","status":"publish","type":"post","link":"https:\/\/pocinhos.pb.gov.br\/site\/atletas-de-pocinhos-sao-convocados-para-a-selecao-paraibana-de-judo-e-representam-o-municipio-no-campeonato-brasileiro-final\/","title":{"rendered":"Atletas de Pocinhos s\u00e3o convocados para a sele\u00e7\u00e3o paraibana de Jud\u00f4 e representam o munic\u00edpio no Campeonato Brasileiro Final"},"content":{"rendered":"<p data-start=\"267\" data-end=\"616\">Os atletas Maria Cec\u00edlia e Levi Silva, representantes da Escola de Artes de Pocinhos, foram convocados para integrar a sele\u00e7\u00e3o paraibana de Jud\u00f4 que disputar\u00e1 o Campeonato Brasileiro Final, uma das competi\u00e7\u00f5es mais importantes da modalidade no pa\u00eds, reunindo os melhores judocas de cada estado.<\/p>\n<p data-start=\"618\" data-end=\"873\">A convoca\u00e7\u00e3o \u00e9 um reconhecimento ao talento, dedica\u00e7\u00e3o e desempenho desses jovens atletas, que levam o nome de Pocinhos para o cen\u00e1rio nacional e demonstram o resultado dos investimentos e do apoio cont\u00ednuo que a Prefeitura tem destinado ao esporte local.<\/p>\n<p data-start=\"1106\" data-end=\"1258\">Pocinhos segue comprometida em apoiar seus atletas e incentivar a pr\u00e1tica esportiva como ferramenta de inclus\u00e3o social, sa\u00fade e desenvolvimento pessoal.<\/p>\n","protected":false},"excerpt":{"rendered":"<p>Os atletas Maria Cec\u00edlia e Levi Silva, representantes da Escola de Artes de Pocinhos, foram convocados para integrar a sele\u00e7\u00e3o paraibana de Jud\u00f4 que disputar\u00e1 o Campeonato Brasileiro Final, uma das competi\u00e7\u00f5es mais importantes da modalidade no pa\u00eds, reunindo os melhores judocas de cada estado. A convoca\u00e7\u00e3o \u00e9 um reconhecimento ao talento, dedica\u00e7\u00e3o e desempenho&#8230;<\/p>\n","protected":false},"author":4,"featured_media":7026,"comment_status":"closed","ping_status":"open","sticky":false,"template":"","format":"standard","meta":{"footnotes":""},"categories":[2],"tags":[],"class_list":["post-7025","post","type-post","status-publish","format-standard","has-post-thumbnail","hentry","category-noticias"],"aioseo_notices":[],"_links":{"self":[{"href":"https:\/\/pocinhos.pb.gov.br\/site\/wp-json\/wp\/v2\/posts\/7025","targetHints":{"allow":["GET"]}}],"collection":[{"href":"https:\/\/pocinhos.pb.gov.br\/site\/wp-json\/wp\/v2\/posts"}],"about":[{"href":"https:\/\/pocinhos.pb.gov.br\/site\/wp-json\/wp\/v2\/types\/post"}],"author":[{"embeddable":true,"href":"https:\/\/pocinhos.pb.gov.br\/site\/wp-json\/wp\/v2\/users\/4"}],"replies":[{"embeddable":true,"href":"https:\/\/pocinhos.pb.gov.br\/site\/wp-json\/wp\/v2\/comments?post=7025"}],"version-history":[{"count":1,"href":"https:\/\/pocinhos.pb.gov.br\/site\/wp-json\/wp\/v2\/posts\/7025\/revisions"}],"predecessor-version":[{"id":7027,"href":"https:\/\/pocinhos.pb.gov.br\/site\/wp-json\/wp\/v2\/posts\/7025\/revisions\/7027"}],"wp:featuredmedia":[{"embeddable":true,"href":"https:\/\/pocinhos.pb.gov.br\/site\/wp-json\/wp\/v2\/media\/7026"}],"wp:attachment":[{"href":"https:\/\/pocinhos.pb.gov.br\/site\/wp-json\/wp\/v2\/media?parent=7025"}],"wp:term":[{"taxonomy":"category","embeddable":true,"href":"https:\/\/pocinhos.pb.gov.br\/site\/wp-json\/wp\/v2\/categories?post=7025"},{"taxonomy":"post_tag","embeddable":true,"href":"https:\/\/pocinhos.pb.gov.br\/site\/wp-json\/wp\/v2\/tags?post=7025"}],"curies":[{"name":"wp","href":"https:\/\/api.w.org\/{rel}","templated":true}]}}