{"id":7029,"date":"2025-09-08T23:46:54","date_gmt":"2025-09-08T23:46:54","guid":{"rendered":"https:\/\/pocinhos.pb.gov.br\/site\/?p=7029"},"modified":"2025-09-29T23:54:10","modified_gmt":"2025-09-29T23:54:10","slug":"iv-festival-de-bandas-marciais-fanfarras-e-filarmonicas-reune-talentos-de-pocinhos-em-celebracao-ao-dia-da-independencia","status":"publish","type":"post","link":"https:\/\/pocinhos.pb.gov.br\/site\/iv-festival-de-bandas-marciais-fanfarras-e-filarmonicas-reune-talentos-de-pocinhos-em-celebracao-ao-dia-da-independencia\/","title":{"rendered":"IV Festival de Bandas Marciais, Fanfarras e Filarm\u00f4nicas re\u00fane talentos de Pocinhos em celebra\u00e7\u00e3o ao Dia da Independ\u00eancia"},"content":{"rendered":"<p data-start=\"290\" data-end=\"664\">O IV Festival de Bandas Marciais, Fanfarras e Filarm\u00f4nicas de Pocinhos marcou as celebra\u00e7\u00f5es do Dia da Independ\u00eancia no munic\u00edpio com um espet\u00e1culo vibrante e cheio de emo\u00e7\u00e3o. Realizado no dia 7 de setembro, o evento contou com a participa\u00e7\u00e3o das principais bandas marciais da cidade, que encantaram o p\u00fablico presente na Pra\u00e7a Central.<\/p>\n<p data-start=\"666\" data-end=\"1049\">Com apresenta\u00e7\u00f5es cuidadosamente preparadas, os grupos mostraram talento, disciplina e amor pela m\u00fasica, valorizando a cultura local e promovendo o esp\u00edrito c\u00edvico em uma data t\u00e3o importante para o pa\u00eds. A Prefeitura de Pocinhos, por meio da Secretaria de Cultura, reafirma seu compromisso com o fomento \u00e0s atividades culturais e art\u00edsticas que fortalecem a identidade da comunidade.<\/p>\n<p data-start=\"1051\" data-end=\"1214\">Moradores e visitantes puderam apreciar um dia repleto de m\u00fasica, cor e patriotismo, celebrando a independ\u00eancia do Brasil com muita alegria e participa\u00e7\u00e3o popular.<\/p>\n","protected":false},"excerpt":{"rendered":"<p>O IV Festival de Bandas Marciais, Fanfarras e Filarm\u00f4nicas de Pocinhos marcou as celebra\u00e7\u00f5es do Dia da Independ\u00eancia no munic\u00edpio com um espet\u00e1culo vibrante e cheio de emo\u00e7\u00e3o. Realizado no dia 7 de setembro, o evento contou com a participa\u00e7\u00e3o das principais bandas marciais da cidade, que encantaram o p\u00fablico presente na Pra\u00e7a Central. Com&#8230;<\/p>\n","protected":false},"author":4,"featured_media":7030,"comment_status":"closed","ping_status":"open","sticky":false,"template":"","format":"standard","meta":{"footnotes":""},"categories":[2],"tags":[],"class_list":["post-7029","post","type-post","status-publish","format-standard","has-post-thumbnail","hentry","category-noticias"],"aioseo_notices":[],"_links":{"self":[{"href":"https:\/\/pocinhos.pb.gov.br\/site\/wp-json\/wp\/v2\/posts\/7029","targetHints":{"allow":["GET"]}}],"collection":[{"href":"https:\/\/pocinhos.pb.gov.br\/site\/wp-json\/wp\/v2\/posts"}],"about":[{"href":"https:\/\/pocinhos.pb.gov.br\/site\/wp-json\/wp\/v2\/types\/post"}],"author":[{"embeddable":true,"href":"https:\/\/pocinhos.pb.gov.br\/site\/wp-json\/wp\/v2\/users\/4"}],"replies":[{"embeddable":true,"href":"https:\/\/pocinhos.pb.gov.br\/site\/wp-json\/wp\/v2\/comments?post=7029"}],"version-history":[{"count":1,"href":"https:\/\/pocinhos.pb.gov.br\/site\/wp-json\/wp\/v2\/posts\/7029\/revisions"}],"predecessor-version":[{"id":7031,"href":"https:\/\/pocinhos.pb.gov.br\/site\/wp-json\/wp\/v2\/posts\/7029\/revisions\/7031"}],"wp:featuredmedia":[{"embeddable":true,"href":"https:\/\/pocinhos.pb.gov.br\/site\/wp-json\/wp\/v2\/media\/7030"}],"wp:attachment":[{"href":"https:\/\/pocinhos.pb.gov.br\/site\/wp-json\/wp\/v2\/media?parent=7029"}],"wp:term":[{"taxonomy":"category","embeddable":true,"href":"https:\/\/pocinhos.pb.gov.br\/site\/wp-json\/wp\/v2\/categories?post=7029"},{"taxonomy":"post_tag","embeddable":true,"href":"https:\/\/pocinhos.pb.gov.br\/site\/wp-json\/wp\/v2\/tags?post=7029"}],"curies":[{"name":"wp","href":"https:\/\/api.w.org\/{rel}","templated":true}]}}