{"id":7040,"date":"2025-09-14T22:02:54","date_gmt":"2025-09-14T22:02:54","guid":{"rendered":"https:\/\/pocinhos.pb.gov.br\/site\/?p=7040"},"modified":"2025-09-30T00:09:45","modified_gmt":"2025-09-30T00:09:45","slug":"atletas-de-pocinhos-conquistam-medalhas-no-super-campeonato-brasileiro-de-taekwondo","status":"publish","type":"post","link":"https:\/\/pocinhos.pb.gov.br\/site\/atletas-de-pocinhos-conquistam-medalhas-no-super-campeonato-brasileiro-de-taekwondo\/","title":{"rendered":"Atletas de Pocinhos conquistam medalhas no Super Campeonato Brasileiro de Taekwondo"},"content":{"rendered":"<p data-start=\"268\" data-end=\"559\">Com o apoio da Prefeitura de Pocinhos, por meio das Secretarias de Cultura e Esporte e da Educa\u00e7\u00e3o, os atletas de Taekwondo do munic\u00edpio mostraram muita dedica\u00e7\u00e3o, garra e amor pelo esporte durante o Super Campeonato Brasileiro realizado em Aracaju-SE.<\/p>\n<p data-start=\"561\" data-end=\"711\">Os resultados foram motivo de orgulho para toda a cidade, com destaque para os medalhistas que subiram ao p\u00f3dio representando Pocinhos com excel\u00eancia:<\/p>\n<ul data-start=\"713\" data-end=\"931\">\n<li data-start=\"713\" data-end=\"748\">\n<p data-start=\"715\" data-end=\"748\"><strong data-start=\"715\" data-end=\"737\">Thaylany de Castro<\/strong> \u2013 Campe\u00e3<\/p>\n<\/li>\n<li data-start=\"749\" data-end=\"783\">\n<p data-start=\"751\" data-end=\"783\"><strong data-start=\"751\" data-end=\"766\">D\u00e1rio David<\/strong> \u2013 Vice-campe\u00e3o<\/p>\n<\/li>\n<li data-start=\"784\" data-end=\"824\">\n<p data-start=\"786\" data-end=\"824\"><strong data-start=\"786\" data-end=\"808\">Estefany Rodrigues<\/strong> \u2013 Vice-campe\u00e3<\/p>\n<\/li>\n<li data-start=\"825\" data-end=\"861\">\n<p data-start=\"827\" data-end=\"861\"><strong data-start=\"827\" data-end=\"844\">Tralo Gabriel<\/strong> \u2013 Vice-campe\u00e3o<\/p>\n<\/li>\n<li data-start=\"862\" data-end=\"895\">\n<p data-start=\"864\" data-end=\"895\"><strong data-start=\"864\" data-end=\"882\">Yasmin Santana<\/strong> \u2013 3\u00ba lugar<\/p>\n<\/li>\n<li data-start=\"896\" data-end=\"931\">\n<p data-start=\"898\" data-end=\"931\"><strong data-start=\"898\" data-end=\"918\">Daniele Medeiros<\/strong> \u2013 3\u00ba lugar<\/p>\n<\/li>\n<\/ul>\n<p data-start=\"933\" data-end=\"1142\">Al\u00e9m deles, outros atletas que representaram com bravura e levaram o nome de Pocinhos para todo o Brasil foram: Isaac Veridiano, Kerolayni Santos, Evilyn Policarpo, Kauan Oliveira e Estefany Rodrigues.<\/p>\n<p data-start=\"1144\" data-end=\"1291\">A Prefeitura tamb\u00e9m parabeniza os professores Rinaldo Wagner e Ricardo Henrick, que acompanharam e prepararam os atletas para a competi\u00e7\u00e3o.<\/p>\n<p data-start=\"1293\" data-end=\"1438\">Este resultado reafirma o compromisso da gest\u00e3o municipal com o esporte como ferramenta de transforma\u00e7\u00e3o social, sa\u00fade e desenvolvimento pessoal.<\/p>\n","protected":false},"excerpt":{"rendered":"<p>Com o apoio da Prefeitura de Pocinhos, por meio das Secretarias de Cultura e Esporte e da Educa\u00e7\u00e3o, os atletas de Taekwondo do munic\u00edpio mostraram muita dedica\u00e7\u00e3o, garra e amor pelo esporte durante o Super Campeonato Brasileiro realizado em Aracaju-SE. Os resultados foram motivo de orgulho para toda a cidade, com destaque para os medalhistas&#8230;<\/p>\n","protected":false},"author":4,"featured_media":7041,"comment_status":"closed","ping_status":"open","sticky":false,"template":"","format":"standard","meta":{"footnotes":""},"categories":[2],"tags":[],"class_list":["post-7040","post","type-post","status-publish","format-standard","has-post-thumbnail","hentry","category-noticias"],"aioseo_notices":[],"_links":{"self":[{"href":"https:\/\/pocinhos.pb.gov.br\/site\/wp-json\/wp\/v2\/posts\/7040","targetHints":{"allow":["GET"]}}],"collection":[{"href":"https:\/\/pocinhos.pb.gov.br\/site\/wp-json\/wp\/v2\/posts"}],"about":[{"href":"https:\/\/pocinhos.pb.gov.br\/site\/wp-json\/wp\/v2\/types\/post"}],"author":[{"embeddable":true,"href":"https:\/\/pocinhos.pb.gov.br\/site\/wp-json\/wp\/v2\/users\/4"}],"replies":[{"embeddable":true,"href":"https:\/\/pocinhos.pb.gov.br\/site\/wp-json\/wp\/v2\/comments?post=7040"}],"version-history":[{"count":1,"href":"https:\/\/pocinhos.pb.gov.br\/site\/wp-json\/wp\/v2\/posts\/7040\/revisions"}],"predecessor-version":[{"id":7042,"href":"https:\/\/pocinhos.pb.gov.br\/site\/wp-json\/wp\/v2\/posts\/7040\/revisions\/7042"}],"wp:featuredmedia":[{"embeddable":true,"href":"https:\/\/pocinhos.pb.gov.br\/site\/wp-json\/wp\/v2\/media\/7041"}],"wp:attachment":[{"href":"https:\/\/pocinhos.pb.gov.br\/site\/wp-json\/wp\/v2\/media?parent=7040"}],"wp:term":[{"taxonomy":"category","embeddable":true,"href":"https:\/\/pocinhos.pb.gov.br\/site\/wp-json\/wp\/v2\/categories?post=7040"},{"taxonomy":"post_tag","embeddable":true,"href":"https:\/\/pocinhos.pb.gov.br\/site\/wp-json\/wp\/v2\/tags?post=7040"}],"curies":[{"name":"wp","href":"https:\/\/api.w.org\/{rel}","templated":true}]}}