{"id":7047,"date":"2025-09-22T23:17:35","date_gmt":"2025-09-22T23:17:35","guid":{"rendered":"https:\/\/pocinhos.pb.gov.br\/site\/?p=7047"},"modified":"2025-09-30T00:20:17","modified_gmt":"2025-09-30T00:20:17","slug":"caravana-banco-do-nordeste-cultural-celebra-a-arte-e-as-tradicoes-em-pocinhos","status":"publish","type":"post","link":"https:\/\/pocinhos.pb.gov.br\/site\/caravana-banco-do-nordeste-cultural-celebra-a-arte-e-as-tradicoes-em-pocinhos\/","title":{"rendered":"Caravana Banco do Nordeste Cultural celebra a arte e as tradi\u00e7\u00f5es em Pocinhos"},"content":{"rendered":"<p data-start=\"251\" data-end=\"662\">A Caravana Banco do Nordeste Cultural chegou a Pocinhos para uma programa\u00e7\u00e3o repleta de arte, emo\u00e7\u00e3o e valoriza\u00e7\u00e3o das ra\u00edzes nordestinas. O munic\u00edpio foi palco de atividades que celebraram a cultura popular, com destaque para o lan\u00e7amento do cordel \u201cA Lenda da Pedra da Cobra\u201d, do escritor Tiago Monteiro, que resgatou hist\u00f3rias e tradi\u00e7\u00f5es locais.<\/p>\n<p data-start=\"664\" data-end=\"881\">Outro momento marcante foi a apresenta\u00e7\u00e3o da pe\u00e7a teatral \u201cOh Terrinha Boa\u201d, da Cia. Arco-\u00cdris, de Cajazeiras, que encantou o p\u00fablico com talento, sensibilidade e uma narrativa que refor\u00e7a o amor pela terra natal.<\/p>\n<p data-start=\"883\" data-end=\"1130\">Realizado pelo Banco do Nordeste, em parceria com a Prefeitura de Pocinhos e a Secretaria de Cultura e Esporte, o evento trouxe m\u00fasica, cordel e teatro, mostrando a for\u00e7a da cultura popular que segue viva e pulsante em cada manifesta\u00e7\u00e3o art\u00edstica.<\/p>\n","protected":false},"excerpt":{"rendered":"<p>A Caravana Banco do Nordeste Cultural chegou a Pocinhos para uma programa\u00e7\u00e3o repleta de arte, emo\u00e7\u00e3o e valoriza\u00e7\u00e3o das ra\u00edzes nordestinas. O munic\u00edpio foi palco de atividades que celebraram a cultura popular, com destaque para o lan\u00e7amento do cordel \u201cA Lenda da Pedra da Cobra\u201d, do escritor Tiago Monteiro, que resgatou hist\u00f3rias e tradi\u00e7\u00f5es locais&#8230;.<\/p>\n","protected":false},"author":4,"featured_media":7048,"comment_status":"closed","ping_status":"open","sticky":false,"template":"","format":"standard","meta":{"footnotes":""},"categories":[2],"tags":[],"class_list":["post-7047","post","type-post","status-publish","format-standard","has-post-thumbnail","hentry","category-noticias"],"aioseo_notices":[],"_links":{"self":[{"href":"https:\/\/pocinhos.pb.gov.br\/site\/wp-json\/wp\/v2\/posts\/7047","targetHints":{"allow":["GET"]}}],"collection":[{"href":"https:\/\/pocinhos.pb.gov.br\/site\/wp-json\/wp\/v2\/posts"}],"about":[{"href":"https:\/\/pocinhos.pb.gov.br\/site\/wp-json\/wp\/v2\/types\/post"}],"author":[{"embeddable":true,"href":"https:\/\/pocinhos.pb.gov.br\/site\/wp-json\/wp\/v2\/users\/4"}],"replies":[{"embeddable":true,"href":"https:\/\/pocinhos.pb.gov.br\/site\/wp-json\/wp\/v2\/comments?post=7047"}],"version-history":[{"count":1,"href":"https:\/\/pocinhos.pb.gov.br\/site\/wp-json\/wp\/v2\/posts\/7047\/revisions"}],"predecessor-version":[{"id":7049,"href":"https:\/\/pocinhos.pb.gov.br\/site\/wp-json\/wp\/v2\/posts\/7047\/revisions\/7049"}],"wp:featuredmedia":[{"embeddable":true,"href":"https:\/\/pocinhos.pb.gov.br\/site\/wp-json\/wp\/v2\/media\/7048"}],"wp:attachment":[{"href":"https:\/\/pocinhos.pb.gov.br\/site\/wp-json\/wp\/v2\/media?parent=7047"}],"wp:term":[{"taxonomy":"category","embeddable":true,"href":"https:\/\/pocinhos.pb.gov.br\/site\/wp-json\/wp\/v2\/categories?post=7047"},{"taxonomy":"post_tag","embeddable":true,"href":"https:\/\/pocinhos.pb.gov.br\/site\/wp-json\/wp\/v2\/tags?post=7047"}],"curies":[{"name":"wp","href":"https:\/\/api.w.org\/{rel}","templated":true}]}}