{"id":7051,"date":"2025-09-17T15:25:23","date_gmt":"2025-09-17T15:25:23","guid":{"rendered":"https:\/\/pocinhos.pb.gov.br\/site\/?p=7051"},"modified":"2025-09-30T00:29:21","modified_gmt":"2025-09-30T00:29:21","slug":"pocinhos-promove-1a-corrida-pocinhos-kids-com-inscricoes-abertas-e-modalidades-para-todas-as-idades-e-inclusao","status":"publish","type":"post","link":"https:\/\/pocinhos.pb.gov.br\/site\/pocinhos-promove-1a-corrida-pocinhos-kids-com-inscricoes-abertas-e-modalidades-para-todas-as-idades-e-inclusao\/","title":{"rendered":"Pocinhos promove 1\u00aa Corrida Pocinhos Kids com inscri\u00e7\u00f5es abertas e modalidades para todas as idades e inclus\u00e3o"},"content":{"rendered":"<p>A Prefeitura de Pocinhos, por meio da Secretaria de Cultura, convida crian\u00e7as e adolescentes a participarem da 1\u00aa Corrida Pocinhos Kids, que promete muita divers\u00e3o, inclus\u00e3o e incentivo \u00e0 pr\u00e1tica esportiva. As inscri\u00e7\u00f5es gratuitas j\u00e1 est\u00e3o abertas e podem ser feitas na Secretaria de Cultura, das 8h \u00e0s 12h, mediante registro realizado por um respons\u00e1vel.<\/p>\n<p>A corrida acontecer\u00e1 no dia 12 de outubro e contar\u00e1 com v\u00e1rias categorias, contemplando diferentes faixas et\u00e1rias e modalidades para garantir que ningu\u00e9m fique de fora da festa esportiva. Al\u00e9m das tradicionais corridas de velocidade, o evento traz atividades l\u00fadicas e inclusivas como a corrida do ovo na colher, corrida do saco e a corrida Inclus\u00e3o Kids.<\/p>\n<h4>Categorias e modalidades:<\/h4>\n<ul>\n<li aria-level=\"1\"><b>04 a 06 anos:<\/b> 50 metros<\/li>\n<li aria-level=\"1\"><b>07 a 09 anos:<\/b> 100 metros<\/li>\n<li aria-level=\"1\"><b>10 a 13 anos:<\/b> 500 metros<\/li>\n<li aria-level=\"1\"><b>14 a 16 anos:<\/b> 1 km<\/li>\n<li aria-level=\"1\"><b>Categoria Inclus\u00e3o Kids:<\/b> 50 metros<\/li>\n<li aria-level=\"1\"><b>Corrida do saco:<\/b> at\u00e9 14 anos<\/li>\n<li aria-level=\"1\"><b>Corrida do ovo na colher:<\/b> at\u00e9 14 anos<\/li>\n<\/ul>\n<p>A 1\u00aa Corrida Pocinhos Kids refor\u00e7a o compromisso da Prefeitura em promover atividades esportivas que incentivam a sa\u00fade, o bem-estar e a integra\u00e7\u00e3o social das crian\u00e7as e adolescentes do munic\u00edpio.<\/p>\n","protected":false},"excerpt":{"rendered":"<p>A Prefeitura de Pocinhos, por meio da Secretaria de Cultura, convida crian\u00e7as e adolescentes a participarem da 1\u00aa Corrida Pocinhos Kids, que promete muita divers\u00e3o, inclus\u00e3o e incentivo \u00e0 pr\u00e1tica esportiva. As inscri\u00e7\u00f5es gratuitas j\u00e1 est\u00e3o abertas e podem ser feitas na Secretaria de Cultura, das 8h \u00e0s 12h, mediante registro realizado por um respons\u00e1vel&#8230;.<\/p>\n","protected":false},"author":4,"featured_media":7052,"comment_status":"closed","ping_status":"open","sticky":false,"template":"","format":"standard","meta":{"footnotes":""},"categories":[2],"tags":[],"class_list":["post-7051","post","type-post","status-publish","format-standard","has-post-thumbnail","hentry","category-noticias"],"aioseo_notices":[],"_links":{"self":[{"href":"https:\/\/pocinhos.pb.gov.br\/site\/wp-json\/wp\/v2\/posts\/7051","targetHints":{"allow":["GET"]}}],"collection":[{"href":"https:\/\/pocinhos.pb.gov.br\/site\/wp-json\/wp\/v2\/posts"}],"about":[{"href":"https:\/\/pocinhos.pb.gov.br\/site\/wp-json\/wp\/v2\/types\/post"}],"author":[{"embeddable":true,"href":"https:\/\/pocinhos.pb.gov.br\/site\/wp-json\/wp\/v2\/users\/4"}],"replies":[{"embeddable":true,"href":"https:\/\/pocinhos.pb.gov.br\/site\/wp-json\/wp\/v2\/comments?post=7051"}],"version-history":[{"count":1,"href":"https:\/\/pocinhos.pb.gov.br\/site\/wp-json\/wp\/v2\/posts\/7051\/revisions"}],"predecessor-version":[{"id":7053,"href":"https:\/\/pocinhos.pb.gov.br\/site\/wp-json\/wp\/v2\/posts\/7051\/revisions\/7053"}],"wp:featuredmedia":[{"embeddable":true,"href":"https:\/\/pocinhos.pb.gov.br\/site\/wp-json\/wp\/v2\/media\/7052"}],"wp:attachment":[{"href":"https:\/\/pocinhos.pb.gov.br\/site\/wp-json\/wp\/v2\/media?parent=7051"}],"wp:term":[{"taxonomy":"category","embeddable":true,"href":"https:\/\/pocinhos.pb.gov.br\/site\/wp-json\/wp\/v2\/categories?post=7051"},{"taxonomy":"post_tag","embeddable":true,"href":"https:\/\/pocinhos.pb.gov.br\/site\/wp-json\/wp\/v2\/tags?post=7051"}],"curies":[{"name":"wp","href":"https:\/\/api.w.org\/{rel}","templated":true}]}}