{"id":7068,"date":"2025-10-03T15:01:53","date_gmt":"2025-10-03T15:01:53","guid":{"rendered":"https:\/\/pocinhos.pb.gov.br\/site\/?p=7068"},"modified":"2025-10-03T15:21:55","modified_gmt":"2025-10-03T15:21:55","slug":"pocinhos-e-destaque-nacional-com-projeto-aprovado-na-mostra-de-experiencias-inspiradoras-da-educacao-integral","status":"publish","type":"post","link":"https:\/\/pocinhos.pb.gov.br\/site\/pocinhos-e-destaque-nacional-com-projeto-aprovado-na-mostra-de-experiencias-inspiradoras-da-educacao-integral\/","title":{"rendered":"Pocinhos \u00e9 destaque nacional com projeto aprovado na Mostra de Experi\u00eancias Inspiradoras da Educa\u00e7\u00e3o Integral"},"content":{"rendered":"<p class=\"p1\">O munic\u00edpio de Pocinhos participou da Mostra Nacional de Experi\u00eancias Inspiradoras de Gest\u00e3o e Projetos da Educa\u00e7\u00e3o Integral em Tempo Integral, que aconteceu em Minas Gerais nos dias 1 e 2 de Outubro. A cidade foi selecionada para participar do evento com o projeto voltado para Pr\u00e1ticas Inclusivas e de Igualdade de G\u00eanero, atrav\u00e9s do Taekwondo.<\/p>\n<p class=\"p1\"><span class=\"s1\">A iniciativa reconhece o papel do esporte como ferramenta de inclus\u00e3o, disciplina e respeito, fortalecendo valores de igualdade entre os estudantes e promovendo a forma\u00e7\u00e3o integral dos jovens pocinhenses.<\/span><\/p>\n<p class=\"p1\"><span class=\"s1\">Representam o munic\u00edpio no evento o Secret\u00e1rio de Educa\u00e7\u00e3o, Professor Afonso, a Secret\u00e1ria Adjunta, Norma Cavalcanti, a Coordenadora do Ensino Integral, Cielly, al\u00e9m do instrutor do projeto de Taekwondo, Ricardo Henrick.<\/span><\/p>\n<p class=\"p1\"><span class=\"s1\">A participa\u00e7\u00e3o de Pocinhos em um encontro de relev\u00e2ncia nacional refor\u00e7a o compromisso da gest\u00e3o municipal com a valoriza\u00e7\u00e3o da educa\u00e7\u00e3o integral, inclusiva e de qualidade, que tem transformado vidas e ampliado oportunidades para crian\u00e7as e jovens do munic\u00edpio.<\/span><\/p>\n","protected":false},"excerpt":{"rendered":"<p>O munic\u00edpio de Pocinhos participou da Mostra Nacional de Experi\u00eancias Inspiradoras de Gest\u00e3o e Projetos da Educa\u00e7\u00e3o Integral em Tempo Integral, que aconteceu em Minas Gerais nos dias 1 e 2 de Outubro. A cidade foi selecionada para participar do evento com o projeto voltado para Pr\u00e1ticas Inclusivas e de Igualdade de G\u00eanero, atrav\u00e9s do&#8230;<\/p>\n","protected":false},"author":4,"featured_media":7069,"comment_status":"closed","ping_status":"open","sticky":false,"template":"","format":"standard","meta":{"footnotes":""},"categories":[2],"tags":[],"class_list":["post-7068","post","type-post","status-publish","format-standard","has-post-thumbnail","hentry","category-noticias"],"aioseo_notices":[],"_links":{"self":[{"href":"https:\/\/pocinhos.pb.gov.br\/site\/wp-json\/wp\/v2\/posts\/7068","targetHints":{"allow":["GET"]}}],"collection":[{"href":"https:\/\/pocinhos.pb.gov.br\/site\/wp-json\/wp\/v2\/posts"}],"about":[{"href":"https:\/\/pocinhos.pb.gov.br\/site\/wp-json\/wp\/v2\/types\/post"}],"author":[{"embeddable":true,"href":"https:\/\/pocinhos.pb.gov.br\/site\/wp-json\/wp\/v2\/users\/4"}],"replies":[{"embeddable":true,"href":"https:\/\/pocinhos.pb.gov.br\/site\/wp-json\/wp\/v2\/comments?post=7068"}],"version-history":[{"count":2,"href":"https:\/\/pocinhos.pb.gov.br\/site\/wp-json\/wp\/v2\/posts\/7068\/revisions"}],"predecessor-version":[{"id":7071,"href":"https:\/\/pocinhos.pb.gov.br\/site\/wp-json\/wp\/v2\/posts\/7068\/revisions\/7071"}],"wp:featuredmedia":[{"embeddable":true,"href":"https:\/\/pocinhos.pb.gov.br\/site\/wp-json\/wp\/v2\/media\/7069"}],"wp:attachment":[{"href":"https:\/\/pocinhos.pb.gov.br\/site\/wp-json\/wp\/v2\/media?parent=7068"}],"wp:term":[{"taxonomy":"category","embeddable":true,"href":"https:\/\/pocinhos.pb.gov.br\/site\/wp-json\/wp\/v2\/categories?post=7068"},{"taxonomy":"post_tag","embeddable":true,"href":"https:\/\/pocinhos.pb.gov.br\/site\/wp-json\/wp\/v2\/tags?post=7068"}],"curies":[{"name":"wp","href":"https:\/\/api.w.org\/{rel}","templated":true}]}}