{"id":7096,"date":"2025-10-06T17:48:42","date_gmt":"2025-10-06T17:48:42","guid":{"rendered":"https:\/\/pocinhos.pb.gov.br\/site\/?p=7096"},"modified":"2025-10-10T17:57:32","modified_gmt":"2025-10-10T17:57:32","slug":"prefeitura-de-pocinhos-inaugura-dois-complexos-esportivos-e-reforca-compromisso-com-o-incentivo-ao-esporte-no-municipio","status":"publish","type":"post","link":"https:\/\/pocinhos.pb.gov.br\/site\/prefeitura-de-pocinhos-inaugura-dois-complexos-esportivos-e-reforca-compromisso-com-o-incentivo-ao-esporte-no-municipio\/","title":{"rendered":"Prefeitura de Pocinhos inaugura dois complexos esportivos e refor\u00e7a compromisso com o incentivo ao esporte no munic\u00edpio"},"content":{"rendered":"<p class=\"p1\"><span class=\"s1\">A Prefeitura de Pocinhos inaugurou neste domingo (5), dois importantes espa\u00e7os p\u00fablicos: o Complexo Esportivo Germano de Oliveira Bernardino e o Complexo Esportivo Josebson Costa Lucas. Os novos espa\u00e7os representam mais um passo da gest\u00e3o municipal no fortalecimento das pol\u00edticas de esporte, lazer e conviv\u00eancia social.<\/span><\/p>\n<p class=\"p1\"><span class=\"s1\">As solenidades contaram com a presen\u00e7a da prefeita Eliane Galdino, do vice-prefeito S\u00f3stenes Murilo, do presidente da Assembleia Legislativa da Para\u00edba (ALPB) e filho da terra, deputado Adriano Galdino, al\u00e9m de secret\u00e1rios municipais, vereadores e membros da comunidade, que celebraram a entrega dos espa\u00e7os.<\/span><\/p>\n<div id='gallery-1' class='gallery galleryid-7096 gallery-columns-3 gallery-size-thumbnail'><figure class='gallery-item'>\n\t\t\t<div class='gallery-icon landscape'>\n\t\t\t\t<a href='https:\/\/pocinhos.pb.gov.br\/site\/prefeitura-de-pocinhos-inaugura-dois-complexos-esportivos-e-reforca-compromisso-com-o-incentivo-ao-esporte-no-municipio\/f3d5c5f8-e1c0-42bb-999c-e170683acc3e\/'><img decoding=\"async\" width=\"150\" height=\"150\" src=\"https:\/\/pocinhos.pb.gov.br\/site\/wp-content\/uploads\/2025\/10\/F3D5C5F8-E1C0-42BB-999C-E170683ACC3E-150x150.jpeg\" class=\"attachment-thumbnail size-thumbnail\" alt=\"\" srcset=\"https:\/\/pocinhos.pb.gov.br\/site\/wp-content\/uploads\/2025\/10\/F3D5C5F8-E1C0-42BB-999C-E170683ACC3E-150x150.jpeg 150w, https:\/\/pocinhos.pb.gov.br\/site\/wp-content\/uploads\/2025\/10\/F3D5C5F8-E1C0-42BB-999C-E170683ACC3E-550x550.jpeg 550w, https:\/\/pocinhos.pb.gov.br\/site\/wp-content\/uploads\/2025\/10\/F3D5C5F8-E1C0-42BB-999C-E170683ACC3E-100x100.jpeg 100w\" sizes=\"(max-width: 150px) 100vw, 150px\" \/><\/a>\n\t\t\t<\/div><\/figure><figure class='gallery-item'>\n\t\t\t<div class='gallery-icon landscape'>\n\t\t\t\t<a href='https:\/\/pocinhos.pb.gov.br\/site\/prefeitura-de-pocinhos-inaugura-dois-complexos-esportivos-e-reforca-compromisso-com-o-incentivo-ao-esporte-no-municipio\/eb8e36d9-bb3e-4ffa-a371-5ac8e0c87c2a\/'><img decoding=\"async\" width=\"150\" height=\"150\" src=\"https:\/\/pocinhos.pb.gov.br\/site\/wp-content\/uploads\/2025\/10\/EB8E36D9-BB3E-4FFA-A371-5AC8E0C87C2A-150x150.jpeg\" class=\"attachment-thumbnail size-thumbnail\" alt=\"\" srcset=\"https:\/\/pocinhos.pb.gov.br\/site\/wp-content\/uploads\/2025\/10\/EB8E36D9-BB3E-4FFA-A371-5AC8E0C87C2A-150x150.jpeg 150w, https:\/\/pocinhos.pb.gov.br\/site\/wp-content\/uploads\/2025\/10\/EB8E36D9-BB3E-4FFA-A371-5AC8E0C87C2A-550x550.jpeg 550w, https:\/\/pocinhos.pb.gov.br\/site\/wp-content\/uploads\/2025\/10\/EB8E36D9-BB3E-4FFA-A371-5AC8E0C87C2A-100x100.jpeg 100w\" sizes=\"(max-width: 150px) 100vw, 150px\" \/><\/a>\n\t\t\t<\/div><\/figure>\n\t\t<\/div>\n\n<p class=\"p1\"><span class=\"s1\"><br \/>\nOs complexos esportivos foram projetados para oferecer estrutura moderna e segura, com \u00e1reas adequadas para a pr\u00e1tica de modalidades esportivas, incentivando crian\u00e7as, jovens e adultos a se engajarem em atividades f\u00edsicas e recreativas.<\/span><\/p>\n<p class=\"p1\"><span class=\"s1\">As inaugura\u00e7\u00f5es fazem parte de um programa de investimentos da gest\u00e3o municipal na infraestrutura esportiva e na valoriza\u00e7\u00e3o dos talentos locais. Com os novos complexos, Pocinhos amplia sua rede de espa\u00e7os p\u00fablicos destinados ao esporte e reafirma o compromisso com o desenvolvimento social e comunit\u00e1rio.<\/span><\/p>\n","protected":false},"excerpt":{"rendered":"<p>A Prefeitura de Pocinhos inaugurou neste domingo (5), dois importantes espa\u00e7os p\u00fablicos: o Complexo Esportivo Germano de Oliveira Bernardino e o Complexo Esportivo Josebson Costa Lucas. Os novos espa\u00e7os representam mais um passo da gest\u00e3o municipal no fortalecimento das pol\u00edticas de esporte, lazer e conviv\u00eancia social. As solenidades contaram com a presen\u00e7a da prefeita Eliane&#8230;<\/p>\n","protected":false},"author":4,"featured_media":7097,"comment_status":"closed","ping_status":"open","sticky":false,"template":"","format":"standard","meta":{"footnotes":""},"categories":[2],"tags":[],"class_list":["post-7096","post","type-post","status-publish","format-standard","has-post-thumbnail","hentry","category-noticias"],"aioseo_notices":[],"_links":{"self":[{"href":"https:\/\/pocinhos.pb.gov.br\/site\/wp-json\/wp\/v2\/posts\/7096","targetHints":{"allow":["GET"]}}],"collection":[{"href":"https:\/\/pocinhos.pb.gov.br\/site\/wp-json\/wp\/v2\/posts"}],"about":[{"href":"https:\/\/pocinhos.pb.gov.br\/site\/wp-json\/wp\/v2\/types\/post"}],"author":[{"embeddable":true,"href":"https:\/\/pocinhos.pb.gov.br\/site\/wp-json\/wp\/v2\/users\/4"}],"replies":[{"embeddable":true,"href":"https:\/\/pocinhos.pb.gov.br\/site\/wp-json\/wp\/v2\/comments?post=7096"}],"version-history":[{"count":1,"href":"https:\/\/pocinhos.pb.gov.br\/site\/wp-json\/wp\/v2\/posts\/7096\/revisions"}],"predecessor-version":[{"id":7100,"href":"https:\/\/pocinhos.pb.gov.br\/site\/wp-json\/wp\/v2\/posts\/7096\/revisions\/7100"}],"wp:featuredmedia":[{"embeddable":true,"href":"https:\/\/pocinhos.pb.gov.br\/site\/wp-json\/wp\/v2\/media\/7097"}],"wp:attachment":[{"href":"https:\/\/pocinhos.pb.gov.br\/site\/wp-json\/wp\/v2\/media?parent=7096"}],"wp:term":[{"taxonomy":"category","embeddable":true,"href":"https:\/\/pocinhos.pb.gov.br\/site\/wp-json\/wp\/v2\/categories?post=7096"},{"taxonomy":"post_tag","embeddable":true,"href":"https:\/\/pocinhos.pb.gov.br\/site\/wp-json\/wp\/v2\/tags?post=7096"}],"curies":[{"name":"wp","href":"https:\/\/api.w.org\/{rel}","templated":true}]}}