{"id":7104,"date":"2025-10-13T11:47:22","date_gmt":"2025-10-13T11:47:22","guid":{"rendered":"https:\/\/pocinhos.pb.gov.br\/site\/?p=7104"},"modified":"2025-10-13T11:47:22","modified_gmt":"2025-10-13T11:47:22","slug":"atletas-de-pocinhos-participarao-dos-jogos-escolares-brasileiros-em-uberlandia","status":"publish","type":"post","link":"https:\/\/pocinhos.pb.gov.br\/site\/atletas-de-pocinhos-participarao-dos-jogos-escolares-brasileiros-em-uberlandia\/","title":{"rendered":"Atletas de Pocinhos participar\u00e3o dos Jogos Escolares Brasileiros em Uberl\u00e2ndia"},"content":{"rendered":"<p class=\"p1\"><span class=\"s1\">Tr\u00eas atletas representar\u00e3o o munic\u00edpio de Pocinhos e o estado da Para\u00edba nos Jogos Escolares Brasileiros (JEBs), que ser\u00e3o realizados na cidade de Uberl\u00e2ndia (MG).<\/span><\/p>\n<p class=\"p1\"><span class=\"s1\">Os jovens D\u00e1rio David e Yasmin Santana, do Taekwondo, e Maria Cec\u00edlia, do Jud\u00f4, estar\u00e3o entre os competidores que participar\u00e3o da edi\u00e7\u00e3o deste ano, levando o nome de Pocinhos e da Para\u00edba para um dos maiores eventos do esporte escolar brasileiro.<\/span><\/p>\n<p class=\"p1\"><span class=\"s1\">A participa\u00e7\u00e3o dos atletas \u00e9 resultado do trabalho desenvolvido pela gest\u00e3o municipal, que tem investido na valoriza\u00e7\u00e3o do esporte e no fortalecimento das atividades esportivas nas escolas do munic\u00edpio.<\/span><\/p>\n<p class=\"p1\"><span class=\"s1\">A Prefeitura de Pocinhos deseja sucesso aos atletas e reafirma seu compromisso em continuar incentivando o esporte como ferramenta de transforma\u00e7\u00e3o e desenvolvimento social.<\/span><\/p>\n","protected":false},"excerpt":{"rendered":"<p>Tr\u00eas atletas representar\u00e3o o munic\u00edpio de Pocinhos e o estado da Para\u00edba nos Jogos Escolares Brasileiros (JEBs), que ser\u00e3o realizados na cidade de Uberl\u00e2ndia (MG). Os jovens D\u00e1rio David e Yasmin Santana, do Taekwondo, e Maria Cec\u00edlia, do Jud\u00f4, estar\u00e3o entre os competidores que participar\u00e3o da edi\u00e7\u00e3o deste ano, levando o nome de Pocinhos e&#8230;<\/p>\n","protected":false},"author":4,"featured_media":7105,"comment_status":"closed","ping_status":"open","sticky":false,"template":"","format":"standard","meta":{"footnotes":""},"categories":[2],"tags":[],"class_list":["post-7104","post","type-post","status-publish","format-standard","has-post-thumbnail","hentry","category-noticias"],"aioseo_notices":[],"_links":{"self":[{"href":"https:\/\/pocinhos.pb.gov.br\/site\/wp-json\/wp\/v2\/posts\/7104","targetHints":{"allow":["GET"]}}],"collection":[{"href":"https:\/\/pocinhos.pb.gov.br\/site\/wp-json\/wp\/v2\/posts"}],"about":[{"href":"https:\/\/pocinhos.pb.gov.br\/site\/wp-json\/wp\/v2\/types\/post"}],"author":[{"embeddable":true,"href":"https:\/\/pocinhos.pb.gov.br\/site\/wp-json\/wp\/v2\/users\/4"}],"replies":[{"embeddable":true,"href":"https:\/\/pocinhos.pb.gov.br\/site\/wp-json\/wp\/v2\/comments?post=7104"}],"version-history":[{"count":1,"href":"https:\/\/pocinhos.pb.gov.br\/site\/wp-json\/wp\/v2\/posts\/7104\/revisions"}],"predecessor-version":[{"id":7106,"href":"https:\/\/pocinhos.pb.gov.br\/site\/wp-json\/wp\/v2\/posts\/7104\/revisions\/7106"}],"wp:featuredmedia":[{"embeddable":true,"href":"https:\/\/pocinhos.pb.gov.br\/site\/wp-json\/wp\/v2\/media\/7105"}],"wp:attachment":[{"href":"https:\/\/pocinhos.pb.gov.br\/site\/wp-json\/wp\/v2\/media?parent=7104"}],"wp:term":[{"taxonomy":"category","embeddable":true,"href":"https:\/\/pocinhos.pb.gov.br\/site\/wp-json\/wp\/v2\/categories?post=7104"},{"taxonomy":"post_tag","embeddable":true,"href":"https:\/\/pocinhos.pb.gov.br\/site\/wp-json\/wp\/v2\/tags?post=7104"}],"curies":[{"name":"wp","href":"https:\/\/api.w.org\/{rel}","templated":true}]}}