{"id":7107,"date":"2025-10-15T19:35:52","date_gmt":"2025-10-15T19:35:52","guid":{"rendered":"https:\/\/pocinhos.pb.gov.br\/site\/?p=7107"},"modified":"2025-10-15T19:41:50","modified_gmt":"2025-10-15T19:41:50","slug":"municipio-de-pocinhos-e-reconhecido-pelo-estado-por-atingir-meta-de-alfabetizacao","status":"publish","type":"post","link":"https:\/\/pocinhos.pb.gov.br\/site\/municipio-de-pocinhos-e-reconhecido-pelo-estado-por-atingir-meta-de-alfabetizacao\/","title":{"rendered":"Munic\u00edpio de Pocinhos \u00e9 reconhecido pelo Estado por atingir meta de alfabetiza\u00e7\u00e3o"},"content":{"rendered":"<p class=\"p1\"><span class=\"s1\">O Governo do Estado da Para\u00edba reconheceu Pocinhos por ter atingido a meta de alfabetiza\u00e7\u00e3o referente ao ano de 2024. A cerim\u00f4nia de reconhecimento ocorreu nesta ter\u00e7a-feira (14), em Jo\u00e3o Pessoa, reunindo gestores municipais, representantes da educa\u00e7\u00e3o e autoridades estaduais.<\/span><\/p>\n<p class=\"p1\"><span class=\"s1\">O reconhecimento \u00e9 fruto do compromisso da gest\u00e3o municipal com a melhoria da qualidade do ensino, onde o trabalho coletivo por uma educa\u00e7\u00e3o melhor t\u00eam surtido efeito.<\/span><\/p>\n<p class=\"p1\"><span class=\"s1\"><img fetchpriority=\"high\" decoding=\"async\" class=\"alignnone size-medium wp-image-7109\" src=\"https:\/\/pocinhos.pb.gov.br\/site\/wp-content\/uploads\/2025\/10\/6DD3EF7F-BF2F-45CB-B14A-E6C0A4D618D8-300x198.jpeg\" alt=\"\" width=\"300\" height=\"198\" srcset=\"https:\/\/pocinhos.pb.gov.br\/site\/wp-content\/uploads\/2025\/10\/6DD3EF7F-BF2F-45CB-B14A-E6C0A4D618D8-300x198.jpeg 300w, https:\/\/pocinhos.pb.gov.br\/site\/wp-content\/uploads\/2025\/10\/6DD3EF7F-BF2F-45CB-B14A-E6C0A4D618D8-1024x676.jpeg 1024w, https:\/\/pocinhos.pb.gov.br\/site\/wp-content\/uploads\/2025\/10\/6DD3EF7F-BF2F-45CB-B14A-E6C0A4D618D8-768x507.jpeg 768w, https:\/\/pocinhos.pb.gov.br\/site\/wp-content\/uploads\/2025\/10\/6DD3EF7F-BF2F-45CB-B14A-E6C0A4D618D8-1536x1014.jpeg 1536w, https:\/\/pocinhos.pb.gov.br\/site\/wp-content\/uploads\/2025\/10\/6DD3EF7F-BF2F-45CB-B14A-E6C0A4D618D8-2048x1352.jpeg 2048w\" sizes=\"(max-width: 300px) 100vw, 300px\" \/><br \/>\n<\/span><\/p>\n<p>O secret\u00e1rio de Educa\u00e7\u00e3o Afonso, e o coordenador pedag\u00f3gico Jo\u00e3o Paulo representaram o munic\u00edpio e receberam a homenagem em nome de toda a rede de ensino de Pocinhos que segue sendo destaque e \u00a0avan\u00e7ando por uma educa\u00e7\u00e3o p\u00fablica de qualidade e inclusiva.<\/p>\n<p class=\"p1\"><span class=\"s1\">Com o objetivo de elevar ainda mais a qualidade da educa\u00e7\u00e3o municipal, assegurando que cada crian\u00e7a aprenda e cres\u00e7a com oportunidades, a gest\u00e3o reafirma seu compromisso com o fortalecimento da educa\u00e7\u00e3o em Pocinhos. <\/span><\/p>\n","protected":false},"excerpt":{"rendered":"<p>O Governo do Estado da Para\u00edba reconheceu Pocinhos por ter atingido a meta de alfabetiza\u00e7\u00e3o referente ao ano de 2024. A cerim\u00f4nia de reconhecimento ocorreu nesta ter\u00e7a-feira (14), em Jo\u00e3o Pessoa, reunindo gestores municipais, representantes da educa\u00e7\u00e3o e autoridades estaduais. O reconhecimento \u00e9 fruto do compromisso da gest\u00e3o municipal com a melhoria da qualidade do&#8230;<\/p>\n","protected":false},"author":4,"featured_media":7108,"comment_status":"closed","ping_status":"open","sticky":false,"template":"","format":"standard","meta":{"footnotes":""},"categories":[2],"tags":[],"class_list":["post-7107","post","type-post","status-publish","format-standard","has-post-thumbnail","hentry","category-noticias"],"aioseo_notices":[],"_links":{"self":[{"href":"https:\/\/pocinhos.pb.gov.br\/site\/wp-json\/wp\/v2\/posts\/7107","targetHints":{"allow":["GET"]}}],"collection":[{"href":"https:\/\/pocinhos.pb.gov.br\/site\/wp-json\/wp\/v2\/posts"}],"about":[{"href":"https:\/\/pocinhos.pb.gov.br\/site\/wp-json\/wp\/v2\/types\/post"}],"author":[{"embeddable":true,"href":"https:\/\/pocinhos.pb.gov.br\/site\/wp-json\/wp\/v2\/users\/4"}],"replies":[{"embeddable":true,"href":"https:\/\/pocinhos.pb.gov.br\/site\/wp-json\/wp\/v2\/comments?post=7107"}],"version-history":[{"count":5,"href":"https:\/\/pocinhos.pb.gov.br\/site\/wp-json\/wp\/v2\/posts\/7107\/revisions"}],"predecessor-version":[{"id":7114,"href":"https:\/\/pocinhos.pb.gov.br\/site\/wp-json\/wp\/v2\/posts\/7107\/revisions\/7114"}],"wp:featuredmedia":[{"embeddable":true,"href":"https:\/\/pocinhos.pb.gov.br\/site\/wp-json\/wp\/v2\/media\/7108"}],"wp:attachment":[{"href":"https:\/\/pocinhos.pb.gov.br\/site\/wp-json\/wp\/v2\/media?parent=7107"}],"wp:term":[{"taxonomy":"category","embeddable":true,"href":"https:\/\/pocinhos.pb.gov.br\/site\/wp-json\/wp\/v2\/categories?post=7107"},{"taxonomy":"post_tag","embeddable":true,"href":"https:\/\/pocinhos.pb.gov.br\/site\/wp-json\/wp\/v2\/tags?post=7107"}],"curies":[{"name":"wp","href":"https:\/\/api.w.org\/{rel}","templated":true}]}}