{"id":7133,"date":"2025-10-24T20:44:36","date_gmt":"2025-10-24T20:44:36","guid":{"rendered":"https:\/\/pocinhos.pb.gov.br\/site\/?p=7133"},"modified":"2025-10-24T20:44:36","modified_gmt":"2025-10-24T20:44:36","slug":"pocinhos-supera-meta-do-programa-saude-na-escola-e-se-destaca-em-acoes-de-promocao-a-saude","status":"publish","type":"post","link":"https:\/\/pocinhos.pb.gov.br\/site\/pocinhos-supera-meta-do-programa-saude-na-escola-e-se-destaca-em-acoes-de-promocao-a-saude\/","title":{"rendered":"Pocinhos supera meta do Programa Sa\u00fade na Escola e se destaca em a\u00e7\u00f5es de promo\u00e7\u00e3o \u00e0 sa\u00fade"},"content":{"rendered":"<p class=\"p1\"><span class=\"s1\">O munic\u00edpio de Pocinhos ultrapassou, em 2025, a meta dos indicadores do Programa Sa\u00fade na Escola (PSE), evidenciando o comprometimento das equipes municipais com a promo\u00e7\u00e3o da sa\u00fade e a preven\u00e7\u00e3o de doen\u00e7as entre os estudantes da rede p\u00fablica.<\/span><\/p>\n<p class=\"p1\"><span class=\"s1\">O resultado \u00e9 fruto do trabalho articulado entre as secretarias de Sa\u00fade e Educa\u00e7\u00e3o, que t\u00eam atuado de forma integrada para garantir que as a\u00e7\u00f5es cheguem a toda a comunidade escolar. Por meio de atividades educativas, avalia\u00e7\u00f5es e campanhas de conscientiza\u00e7\u00e3o. <\/span><\/p>\n<p class=\"p1\"><span class=\"s1\">Durante as a\u00e7\u00f5es, foram abordados diversos temas voltados \u00e0 sa\u00fade integral e \u00e0 preven\u00e7\u00e3o de agravos, entre eles:<\/span><\/p>\n<ul>\n<li class=\"p1\"><span class=\"s1\">Tabagismo;<\/span><\/li>\n<li class=\"p1\">Sa\u00fade mental;<\/li>\n<li class=\"p1\">Preven\u00e7\u00e3o da viol\u00eancia e promo\u00e7\u00e3o da cultura de paz;<\/li>\n<li class=\"p1\">Sa\u00fade sexual e reprodutiva;<\/li>\n<li class=\"p1\">Verifica\u00e7\u00e3o da situa\u00e7\u00e3o vacinal;<\/li>\n<li class=\"p1\">Alimenta\u00e7\u00e3o saud\u00e1vel e medidas antropom\u00e9tricas;<\/li>\n<li class=\"p1\">Pr\u00e1ticas corporais e atividade f\u00edsica;<\/li>\n<li class=\"p1\">Covid-19 \u2014 preven\u00e7\u00e3o, cuidado e acompanhamento de sequelas.<\/li>\n<\/ul>\n<p class=\"p1\"><span class=\"s1\">Essas iniciativas refor\u00e7am o compromisso da gest\u00e3o municipal em valorizar pol\u00edticas p\u00fablicas que unem sa\u00fade e educa\u00e7\u00e3o, reconhecendo o papel essencial dos profissionais envolvidos na forma\u00e7\u00e3o integral e no bem-estar das crian\u00e7as e adolescentes de Pocinhos.<\/span><\/p>\n","protected":false},"excerpt":{"rendered":"<p>O munic\u00edpio de Pocinhos ultrapassou, em 2025, a meta dos indicadores do Programa Sa\u00fade na Escola (PSE), evidenciando o comprometimento das equipes municipais com a promo\u00e7\u00e3o da sa\u00fade e a preven\u00e7\u00e3o de doen\u00e7as entre os estudantes da rede p\u00fablica. O resultado \u00e9 fruto do trabalho articulado entre as secretarias de Sa\u00fade e Educa\u00e7\u00e3o, que t\u00eam&#8230;<\/p>\n","protected":false},"author":4,"featured_media":7134,"comment_status":"closed","ping_status":"open","sticky":false,"template":"","format":"standard","meta":{"footnotes":""},"categories":[2],"tags":[],"class_list":["post-7133","post","type-post","status-publish","format-standard","has-post-thumbnail","hentry","category-noticias"],"aioseo_notices":[],"_links":{"self":[{"href":"https:\/\/pocinhos.pb.gov.br\/site\/wp-json\/wp\/v2\/posts\/7133","targetHints":{"allow":["GET"]}}],"collection":[{"href":"https:\/\/pocinhos.pb.gov.br\/site\/wp-json\/wp\/v2\/posts"}],"about":[{"href":"https:\/\/pocinhos.pb.gov.br\/site\/wp-json\/wp\/v2\/types\/post"}],"author":[{"embeddable":true,"href":"https:\/\/pocinhos.pb.gov.br\/site\/wp-json\/wp\/v2\/users\/4"}],"replies":[{"embeddable":true,"href":"https:\/\/pocinhos.pb.gov.br\/site\/wp-json\/wp\/v2\/comments?post=7133"}],"version-history":[{"count":1,"href":"https:\/\/pocinhos.pb.gov.br\/site\/wp-json\/wp\/v2\/posts\/7133\/revisions"}],"predecessor-version":[{"id":7135,"href":"https:\/\/pocinhos.pb.gov.br\/site\/wp-json\/wp\/v2\/posts\/7133\/revisions\/7135"}],"wp:featuredmedia":[{"embeddable":true,"href":"https:\/\/pocinhos.pb.gov.br\/site\/wp-json\/wp\/v2\/media\/7134"}],"wp:attachment":[{"href":"https:\/\/pocinhos.pb.gov.br\/site\/wp-json\/wp\/v2\/media?parent=7133"}],"wp:term":[{"taxonomy":"category","embeddable":true,"href":"https:\/\/pocinhos.pb.gov.br\/site\/wp-json\/wp\/v2\/categories?post=7133"},{"taxonomy":"post_tag","embeddable":true,"href":"https:\/\/pocinhos.pb.gov.br\/site\/wp-json\/wp\/v2\/tags?post=7133"}],"curies":[{"name":"wp","href":"https:\/\/api.w.org\/{rel}","templated":true}]}}