{"id":7236,"date":"2025-11-07T18:50:01","date_gmt":"2025-11-07T18:50:01","guid":{"rendered":"https:\/\/pocinhos.pb.gov.br\/site\/?p=7236"},"modified":"2025-11-13T18:54:11","modified_gmt":"2025-11-13T18:54:11","slug":"cras-itinerante-leva-servicos-e-cidadania-a-comunidade-boqueirao","status":"publish","type":"post","link":"https:\/\/pocinhos.pb.gov.br\/site\/cras-itinerante-leva-servicos-e-cidadania-a-comunidade-boqueirao\/","title":{"rendered":"CRAS Itinerante leva servi\u00e7os e cidadania \u00e0 comunidade Boqueir\u00e3o"},"content":{"rendered":"<p class=\"p1\"><span class=\"s1\">A Prefeitura Municipal de Pocinhos, por meio da Secretaria de Assist\u00eancia Social, realizou mais uma edi\u00e7\u00e3o do CRAS Itinerante, desta vez na comunidade Boqueir\u00e3o. A a\u00e7\u00e3o levou uma s\u00e9rie de servi\u00e7os e atendimentos gratuitos, aproximando ainda mais o poder p\u00fablico das fam\u00edlias da zona rural.<\/span><\/p>\n<p class=\"p1\"><span class=\"s1\">Durante o evento, foram oferecidos atendimentos socioassistenciais, atualiza\u00e7\u00e3o e emiss\u00e3o do Cadastro \u00danico (Cad\u00danico), orienta\u00e7\u00f5es sobre benef\u00edcios sociais, corte de cabelo, recrea\u00e7\u00e3o para crian\u00e7as e outras atividades que promoveram cidadania, acolhimento e inclus\u00e3o.<\/span><\/p>\n<p class=\"p1\"><span class=\"s1\">A iniciativa tem como principal objetivo levar os servi\u00e7os do Centro de Refer\u00eancia de Assist\u00eancia Social at\u00e9 as comunidades mais distantes, garantindo que todos os pocinhenses tenham acesso \u00e0s pol\u00edticas p\u00fablicas de forma justa e igualit\u00e1ria.<\/span><\/p>\n<p class=\"p1\"><span class=\"s1\">A gest\u00e3o municipal segue fortalecendo a\u00e7\u00f5es que unem assist\u00eancia social, dignidade e proximidade com o povo, reafirmando o lema de uma Pocinhos mais humana e acolhedora.<\/span><\/p>\n","protected":false},"excerpt":{"rendered":"<p>A Prefeitura Municipal de Pocinhos, por meio da Secretaria de Assist\u00eancia Social, realizou mais uma edi\u00e7\u00e3o do CRAS Itinerante, desta vez na comunidade Boqueir\u00e3o. A a\u00e7\u00e3o levou uma s\u00e9rie de servi\u00e7os e atendimentos gratuitos, aproximando ainda mais o poder p\u00fablico das fam\u00edlias da zona rural. Durante o evento, foram oferecidos atendimentos socioassistenciais, atualiza\u00e7\u00e3o e emiss\u00e3o&#8230;<\/p>\n","protected":false},"author":4,"featured_media":7237,"comment_status":"closed","ping_status":"open","sticky":false,"template":"","format":"standard","meta":{"footnotes":""},"categories":[2],"tags":[],"class_list":["post-7236","post","type-post","status-publish","format-standard","has-post-thumbnail","hentry","category-noticias"],"aioseo_notices":[],"_links":{"self":[{"href":"https:\/\/pocinhos.pb.gov.br\/site\/wp-json\/wp\/v2\/posts\/7236","targetHints":{"allow":["GET"]}}],"collection":[{"href":"https:\/\/pocinhos.pb.gov.br\/site\/wp-json\/wp\/v2\/posts"}],"about":[{"href":"https:\/\/pocinhos.pb.gov.br\/site\/wp-json\/wp\/v2\/types\/post"}],"author":[{"embeddable":true,"href":"https:\/\/pocinhos.pb.gov.br\/site\/wp-json\/wp\/v2\/users\/4"}],"replies":[{"embeddable":true,"href":"https:\/\/pocinhos.pb.gov.br\/site\/wp-json\/wp\/v2\/comments?post=7236"}],"version-history":[{"count":1,"href":"https:\/\/pocinhos.pb.gov.br\/site\/wp-json\/wp\/v2\/posts\/7236\/revisions"}],"predecessor-version":[{"id":7238,"href":"https:\/\/pocinhos.pb.gov.br\/site\/wp-json\/wp\/v2\/posts\/7236\/revisions\/7238"}],"wp:featuredmedia":[{"embeddable":true,"href":"https:\/\/pocinhos.pb.gov.br\/site\/wp-json\/wp\/v2\/media\/7237"}],"wp:attachment":[{"href":"https:\/\/pocinhos.pb.gov.br\/site\/wp-json\/wp\/v2\/media?parent=7236"}],"wp:term":[{"taxonomy":"category","embeddable":true,"href":"https:\/\/pocinhos.pb.gov.br\/site\/wp-json\/wp\/v2\/categories?post=7236"},{"taxonomy":"post_tag","embeddable":true,"href":"https:\/\/pocinhos.pb.gov.br\/site\/wp-json\/wp\/v2\/tags?post=7236"}],"curies":[{"name":"wp","href":"https:\/\/api.w.org\/{rel}","templated":true}]}}