{"id":7239,"date":"2025-11-13T18:57:13","date_gmt":"2025-11-13T18:57:13","guid":{"rendered":"https:\/\/pocinhos.pb.gov.br\/site\/?p=7239"},"modified":"2025-11-13T18:57:13","modified_gmt":"2025-11-13T18:57:13","slug":"dia-14-de-novembro-sera-ponto-facultativo-nas-reparticoes-publicas-municipais","status":"publish","type":"post","link":"https:\/\/pocinhos.pb.gov.br\/site\/dia-14-de-novembro-sera-ponto-facultativo-nas-reparticoes-publicas-municipais\/","title":{"rendered":"Dia 14 de novembro ser\u00e1 ponto facultativo nas reparti\u00e7\u00f5es p\u00fablicas municipais"},"content":{"rendered":"<p class=\"p1\"><span class=\"s1\">A Prefeitura Municipal de Pocinhos informa que a sexta-feira, dia 14 de novembro, ser\u00e1 ponto facultativo nas reparti\u00e7\u00f5es p\u00fablicas municipais, em virtude do feriado nacional da Proclama\u00e7\u00e3o da Rep\u00fablica, comemorado no dia 15 de novembro (s\u00e1bado).<\/span><\/p>\n<p class=\"p1\"><span class=\"s1\">Durante o ponto facultativo, apenas os servi\u00e7os essenciais como sa\u00fade de urg\u00eancia e emerg\u00eancia, coleta de lixo e seguran\u00e7a p\u00fablica funcionar\u00e3o normalmente, garantindo o atendimento \u00e0 popula\u00e7\u00e3o.<\/span><\/p>\n<p class=\"p1\"><span class=\"s1\">As demais atividades administrativas retornam ao funcionamento normal na segunda-feira, dia 17 de novembro.<\/span><\/p>\n<p class=\"p1\"><span class=\"s1\">A Prefeitura agradece a compreens\u00e3o de todos e refor\u00e7a o compromisso com a boa gest\u00e3o dos servi\u00e7os p\u00fablicos e o bem-estar dos servidores e da popula\u00e7\u00e3o.<\/span><\/p>\n","protected":false},"excerpt":{"rendered":"<p>A Prefeitura Municipal de Pocinhos informa que a sexta-feira, dia 14 de novembro, ser\u00e1 ponto facultativo nas reparti\u00e7\u00f5es p\u00fablicas municipais, em virtude do feriado nacional da Proclama\u00e7\u00e3o da Rep\u00fablica, comemorado no dia 15 de novembro (s\u00e1bado). Durante o ponto facultativo, apenas os servi\u00e7os essenciais como sa\u00fade de urg\u00eancia e emerg\u00eancia, coleta de lixo e seguran\u00e7a&#8230;<\/p>\n","protected":false},"author":4,"featured_media":7240,"comment_status":"closed","ping_status":"open","sticky":false,"template":"","format":"standard","meta":{"footnotes":""},"categories":[2],"tags":[],"class_list":["post-7239","post","type-post","status-publish","format-standard","has-post-thumbnail","hentry","category-noticias"],"aioseo_notices":[],"_links":{"self":[{"href":"https:\/\/pocinhos.pb.gov.br\/site\/wp-json\/wp\/v2\/posts\/7239","targetHints":{"allow":["GET"]}}],"collection":[{"href":"https:\/\/pocinhos.pb.gov.br\/site\/wp-json\/wp\/v2\/posts"}],"about":[{"href":"https:\/\/pocinhos.pb.gov.br\/site\/wp-json\/wp\/v2\/types\/post"}],"author":[{"embeddable":true,"href":"https:\/\/pocinhos.pb.gov.br\/site\/wp-json\/wp\/v2\/users\/4"}],"replies":[{"embeddable":true,"href":"https:\/\/pocinhos.pb.gov.br\/site\/wp-json\/wp\/v2\/comments?post=7239"}],"version-history":[{"count":1,"href":"https:\/\/pocinhos.pb.gov.br\/site\/wp-json\/wp\/v2\/posts\/7239\/revisions"}],"predecessor-version":[{"id":7241,"href":"https:\/\/pocinhos.pb.gov.br\/site\/wp-json\/wp\/v2\/posts\/7239\/revisions\/7241"}],"wp:featuredmedia":[{"embeddable":true,"href":"https:\/\/pocinhos.pb.gov.br\/site\/wp-json\/wp\/v2\/media\/7240"}],"wp:attachment":[{"href":"https:\/\/pocinhos.pb.gov.br\/site\/wp-json\/wp\/v2\/media?parent=7239"}],"wp:term":[{"taxonomy":"category","embeddable":true,"href":"https:\/\/pocinhos.pb.gov.br\/site\/wp-json\/wp\/v2\/categories?post=7239"},{"taxonomy":"post_tag","embeddable":true,"href":"https:\/\/pocinhos.pb.gov.br\/site\/wp-json\/wp\/v2\/tags?post=7239"}],"curies":[{"name":"wp","href":"https:\/\/api.w.org\/{rel}","templated":true}]}}