{"id":7245,"date":"2025-11-08T18:59:51","date_gmt":"2025-11-08T18:59:51","guid":{"rendered":"https:\/\/pocinhos.pb.gov.br\/site\/?p=7245"},"modified":"2025-11-13T19:05:30","modified_gmt":"2025-11-13T19:05:30","slug":"pocinhos-realiza-1-jogos-interescolares-com-grande-festa-de-integracao-e-esporte","status":"publish","type":"post","link":"https:\/\/pocinhos.pb.gov.br\/site\/pocinhos-realiza-1-jogos-interescolares-com-grande-festa-de-integracao-e-esporte\/","title":{"rendered":"Pocinhos realiza 1\u00b0 Jogos Interescolares com grande festa de integra\u00e7\u00e3o e esporte"},"content":{"rendered":"<p class=\"p1\"><span class=\"s1\">A Prefeitura Municipal de Pocinhos, por meio da <\/span><span class=\"s2\">Secretaria de Cultura e Esporte<\/span><span class=\"s1\"> e da <\/span><span class=\"s2\">Secretaria de Educa\u00e7\u00e3o<\/span><span class=\"s1\">, realizou na \u00faltima <\/span><span class=\"s2\">sexta-feira (07)<\/span><span class=\"s1\"> a abertura do <\/span><span class=\"s2\">1\u00b0 Jogos Interescolares de Pocinhos<\/span><span class=\"s1\">, no <\/span><span class=\"s2\">Gin\u00e1sio F\u00e1bio Monteiro<\/span><span class=\"s1\">.<\/span><\/p>\n<p class=\"p1\"><span class=\"s1\">O evento marcou o in\u00edcio de uma nova fase no incentivo ao esporte estudantil no munic\u00edpio. A cerim\u00f4nia de abertura foi um <\/span><span class=\"s2\">verdadeiro show de energia e emo\u00e7\u00e3o<\/span><span class=\"s1\">, com o <\/span><span class=\"s2\">desfile das delega\u00e7\u00f5es escolares<\/span><span class=\"s1\">, <\/span><span class=\"s2\">apresenta\u00e7\u00f5es culturais<\/span><span class=\"s1\">, o <\/span><span class=\"s2\">juramento dos atletas<\/span><span class=\"s1\"> e o <\/span><span class=\"s2\">acendimento da tocha simb\u00f3lica<\/span><span class=\"s1\">, que representa o esp\u00edrito esportivo, a uni\u00e3o e o trabalho em equipe.<\/span><\/p>\n<p class=\"p1\"><span class=\"s1\">A iniciativa tem como objetivo <\/span><span class=\"s2\">estimular a pr\u00e1tica esportiva entre os estudantes<\/span><span class=\"s1\">, promovendo integra\u00e7\u00e3o, disciplina e valoriza\u00e7\u00e3o do talento jovem. O evento tamb\u00e9m reafirma o compromisso da gest\u00e3o municipal em <\/span><span class=\"s2\">investir na educa\u00e7\u00e3o e no esporte como ferramentas de transforma\u00e7\u00e3o social<\/span><span class=\"s1\">.<\/span><\/p>\n<div id='gallery-1' class='gallery galleryid-7245 gallery-columns-3 gallery-size-thumbnail'><figure class='gallery-item'>\n\t\t\t<div class='gallery-icon landscape'>\n\t\t\t\t<a href='https:\/\/pocinhos.pb.gov.br\/site\/pocinhos-realiza-1-jogos-interescolares-com-grande-festa-de-integracao-e-esporte\/cbc48fe0-8684-4566-a8b3-cc7f4bf272d7\/'><img decoding=\"async\" width=\"150\" height=\"150\" src=\"https:\/\/pocinhos.pb.gov.br\/site\/wp-content\/uploads\/2025\/11\/cbc48fe0-8684-4566-a8b3-cc7f4bf272d7-150x150.jpeg\" class=\"attachment-thumbnail size-thumbnail\" alt=\"\" srcset=\"https:\/\/pocinhos.pb.gov.br\/site\/wp-content\/uploads\/2025\/11\/cbc48fe0-8684-4566-a8b3-cc7f4bf272d7-150x150.jpeg 150w, https:\/\/pocinhos.pb.gov.br\/site\/wp-content\/uploads\/2025\/11\/cbc48fe0-8684-4566-a8b3-cc7f4bf272d7-550x550.jpeg 550w, https:\/\/pocinhos.pb.gov.br\/site\/wp-content\/uploads\/2025\/11\/cbc48fe0-8684-4566-a8b3-cc7f4bf272d7-100x100.jpeg 100w\" sizes=\"(max-width: 150px) 100vw, 150px\" \/><\/a>\n\t\t\t<\/div><\/figure><figure class='gallery-item'>\n\t\t\t<div class='gallery-icon portrait'>\n\t\t\t\t<a href='https:\/\/pocinhos.pb.gov.br\/site\/pocinhos-realiza-1-jogos-interescolares-com-grande-festa-de-integracao-e-esporte\/4ee2aecf-3171-4ac3-b0dc-f89a5d6adc3c\/'><img decoding=\"async\" width=\"150\" height=\"150\" src=\"https:\/\/pocinhos.pb.gov.br\/site\/wp-content\/uploads\/2025\/11\/4ee2aecf-3171-4ac3-b0dc-f89a5d6adc3c-150x150.jpeg\" class=\"attachment-thumbnail size-thumbnail\" alt=\"\" srcset=\"https:\/\/pocinhos.pb.gov.br\/site\/wp-content\/uploads\/2025\/11\/4ee2aecf-3171-4ac3-b0dc-f89a5d6adc3c-150x150.jpeg 150w, https:\/\/pocinhos.pb.gov.br\/site\/wp-content\/uploads\/2025\/11\/4ee2aecf-3171-4ac3-b0dc-f89a5d6adc3c-550x550.jpeg 550w, https:\/\/pocinhos.pb.gov.br\/site\/wp-content\/uploads\/2025\/11\/4ee2aecf-3171-4ac3-b0dc-f89a5d6adc3c-100x100.jpeg 100w\" sizes=\"(max-width: 150px) 100vw, 150px\" \/><\/a>\n\t\t\t<\/div><\/figure><figure class='gallery-item'>\n\t\t\t<div class='gallery-icon landscape'>\n\t\t\t\t<a href='https:\/\/pocinhos.pb.gov.br\/site\/pocinhos-realiza-1-jogos-interescolares-com-grande-festa-de-integracao-e-esporte\/4a96c74a-a476-4863-935c-e1921b337d30\/'><img decoding=\"async\" width=\"150\" height=\"150\" src=\"https:\/\/pocinhos.pb.gov.br\/site\/wp-content\/uploads\/2025\/11\/4a96c74a-a476-4863-935c-e1921b337d30-150x150.jpeg\" class=\"attachment-thumbnail size-thumbnail\" alt=\"\" srcset=\"https:\/\/pocinhos.pb.gov.br\/site\/wp-content\/uploads\/2025\/11\/4a96c74a-a476-4863-935c-e1921b337d30-150x150.jpeg 150w, https:\/\/pocinhos.pb.gov.br\/site\/wp-content\/uploads\/2025\/11\/4a96c74a-a476-4863-935c-e1921b337d30-550x550.jpeg 550w, https:\/\/pocinhos.pb.gov.br\/site\/wp-content\/uploads\/2025\/11\/4a96c74a-a476-4863-935c-e1921b337d30-100x100.jpeg 100w\" sizes=\"(max-width: 150px) 100vw, 150px\" \/><\/a>\n\t\t\t<\/div><\/figure><figure class='gallery-item'>\n\t\t\t<div class='gallery-icon landscape'>\n\t\t\t\t<a href='https:\/\/pocinhos.pb.gov.br\/site\/pocinhos-realiza-1-jogos-interescolares-com-grande-festa-de-integracao-e-esporte\/05b862b4-3b0a-42a2-8006-cf3ed1ec1151\/'><img loading=\"lazy\" decoding=\"async\" width=\"150\" height=\"150\" src=\"https:\/\/pocinhos.pb.gov.br\/site\/wp-content\/uploads\/2025\/11\/05b862b4-3b0a-42a2-8006-cf3ed1ec1151-150x150.jpeg\" class=\"attachment-thumbnail size-thumbnail\" alt=\"\" srcset=\"https:\/\/pocinhos.pb.gov.br\/site\/wp-content\/uploads\/2025\/11\/05b862b4-3b0a-42a2-8006-cf3ed1ec1151-150x150.jpeg 150w, https:\/\/pocinhos.pb.gov.br\/site\/wp-content\/uploads\/2025\/11\/05b862b4-3b0a-42a2-8006-cf3ed1ec1151-550x550.jpeg 550w, https:\/\/pocinhos.pb.gov.br\/site\/wp-content\/uploads\/2025\/11\/05b862b4-3b0a-42a2-8006-cf3ed1ec1151-100x100.jpeg 100w\" sizes=\"(max-width: 150px) 100vw, 150px\" \/><\/a>\n\t\t\t<\/div><\/figure>\n\t\t<\/div>\n\n","protected":false},"excerpt":{"rendered":"<p>A Prefeitura Municipal de Pocinhos, por meio da Secretaria de Cultura e Esporte e da Secretaria de Educa\u00e7\u00e3o, realizou na \u00faltima sexta-feira (07) a abertura do 1\u00b0 Jogos Interescolares de Pocinhos, no Gin\u00e1sio F\u00e1bio Monteiro. O evento marcou o in\u00edcio de uma nova fase no incentivo ao esporte estudantil no munic\u00edpio. A cerim\u00f4nia de abertura&#8230;<\/p>\n","protected":false},"author":4,"featured_media":7246,"comment_status":"closed","ping_status":"open","sticky":false,"template":"","format":"standard","meta":{"footnotes":""},"categories":[2],"tags":[],"class_list":["post-7245","post","type-post","status-publish","format-standard","has-post-thumbnail","hentry","category-noticias"],"aioseo_notices":[],"_links":{"self":[{"href":"https:\/\/pocinhos.pb.gov.br\/site\/wp-json\/wp\/v2\/posts\/7245","targetHints":{"allow":["GET"]}}],"collection":[{"href":"https:\/\/pocinhos.pb.gov.br\/site\/wp-json\/wp\/v2\/posts"}],"about":[{"href":"https:\/\/pocinhos.pb.gov.br\/site\/wp-json\/wp\/v2\/types\/post"}],"author":[{"embeddable":true,"href":"https:\/\/pocinhos.pb.gov.br\/site\/wp-json\/wp\/v2\/users\/4"}],"replies":[{"embeddable":true,"href":"https:\/\/pocinhos.pb.gov.br\/site\/wp-json\/wp\/v2\/comments?post=7245"}],"version-history":[{"count":1,"href":"https:\/\/pocinhos.pb.gov.br\/site\/wp-json\/wp\/v2\/posts\/7245\/revisions"}],"predecessor-version":[{"id":7251,"href":"https:\/\/pocinhos.pb.gov.br\/site\/wp-json\/wp\/v2\/posts\/7245\/revisions\/7251"}],"wp:featuredmedia":[{"embeddable":true,"href":"https:\/\/pocinhos.pb.gov.br\/site\/wp-json\/wp\/v2\/media\/7246"}],"wp:attachment":[{"href":"https:\/\/pocinhos.pb.gov.br\/site\/wp-json\/wp\/v2\/media?parent=7245"}],"wp:term":[{"taxonomy":"category","embeddable":true,"href":"https:\/\/pocinhos.pb.gov.br\/site\/wp-json\/wp\/v2\/categories?post=7245"},{"taxonomy":"post_tag","embeddable":true,"href":"https:\/\/pocinhos.pb.gov.br\/site\/wp-json\/wp\/v2\/tags?post=7245"}],"curies":[{"name":"wp","href":"https:\/\/api.w.org\/{rel}","templated":true}]}}