{"id":7266,"date":"2025-11-14T13:47:19","date_gmt":"2025-11-14T13:47:19","guid":{"rendered":"https:\/\/pocinhos.pb.gov.br\/site\/?p=7266"},"modified":"2025-11-19T13:52:29","modified_gmt":"2025-11-19T13:52:29","slug":"ultimo-cras-itinerante-de-2025-leva-atendimento-e-cidadania-a-comunidade-do-arruda","status":"publish","type":"post","link":"https:\/\/pocinhos.pb.gov.br\/site\/ultimo-cras-itinerante-de-2025-leva-atendimento-e-cidadania-a-comunidade-do-arruda\/","title":{"rendered":"\u00daltimo CRAS Itinerante de 2025 leva atendimento e cidadania \u00e0 comunidade do Arruda"},"content":{"rendered":"<p class=\"p1\"><span class=\"s1\">A Prefeitura de Pocinhos, por meio da Secretaria de Assist\u00eancia Social, realizou nesta quarta-feira (13) o <\/span><span class=\"s2\">\u00faltimo CRAS Itinerante de 2025<\/span><span class=\"s1\">, encerrando mais um ciclo de a\u00e7\u00f5es voltadas \u00e0 amplia\u00e7\u00e3o do acesso da popula\u00e7\u00e3o aos servi\u00e7os socioassistenciais.<\/span><\/p>\n<p class=\"p1\"><span class=\"s1\">Nesta edi\u00e7\u00e3o, realizada na <\/span><span class=\"s2\">comunidade do Arruda<\/span><span class=\"s1\">, moradores tiveram a oportunidade de receber diversos atendimentos gratuitos ao longo do dia, como orienta\u00e7\u00f5es, atualiza\u00e7\u00e3o de dados, al\u00e9m de oficinas e a\u00e7\u00f5es educativas.<\/span><\/p>\n<p class=\"p1\"><span class=\"s1\">A proposta do CRAS Itinerante \u00e9 <\/span><span class=\"s2\">levar cidadania, acolhimento e direitos at\u00e9 as comunidades<\/span><span class=\"s1\">, garantindo que mesmo os moradores mais distantes da zona urbana possam ter acesso aos servi\u00e7os essenciais. Durante todo o ano de 2025, diversas localidades receberam a iniciativa, promovendo inclus\u00e3o e ampliando a presen\u00e7a da Assist\u00eancia Social em todo o munic\u00edpio.<\/span><\/p>\n<p class=\"p1\"><span class=\"s1\">O encerramento do ciclo no Arruda reafirma o compromisso da gest\u00e3o municipal em promover pol\u00edticas p\u00fablicas que cuidam das pessoas e alcan\u00e7am quem mais precisa. A Prefeitura segue empenhada em construir uma cidade mais justa, humana e pr\u00f3xima de todos.<\/span><\/p>\n","protected":false},"excerpt":{"rendered":"<p>A Prefeitura de Pocinhos, por meio da Secretaria de Assist\u00eancia Social, realizou nesta quarta-feira (13) o \u00faltimo CRAS Itinerante de 2025, encerrando mais um ciclo de a\u00e7\u00f5es voltadas \u00e0 amplia\u00e7\u00e3o do acesso da popula\u00e7\u00e3o aos servi\u00e7os socioassistenciais. Nesta edi\u00e7\u00e3o, realizada na comunidade do Arruda, moradores tiveram a oportunidade de receber diversos atendimentos gratuitos ao longo&#8230;<\/p>\n","protected":false},"author":4,"featured_media":7267,"comment_status":"closed","ping_status":"open","sticky":false,"template":"","format":"standard","meta":{"footnotes":""},"categories":[2],"tags":[],"class_list":["post-7266","post","type-post","status-publish","format-standard","has-post-thumbnail","hentry","category-noticias"],"aioseo_notices":[],"_links":{"self":[{"href":"https:\/\/pocinhos.pb.gov.br\/site\/wp-json\/wp\/v2\/posts\/7266","targetHints":{"allow":["GET"]}}],"collection":[{"href":"https:\/\/pocinhos.pb.gov.br\/site\/wp-json\/wp\/v2\/posts"}],"about":[{"href":"https:\/\/pocinhos.pb.gov.br\/site\/wp-json\/wp\/v2\/types\/post"}],"author":[{"embeddable":true,"href":"https:\/\/pocinhos.pb.gov.br\/site\/wp-json\/wp\/v2\/users\/4"}],"replies":[{"embeddable":true,"href":"https:\/\/pocinhos.pb.gov.br\/site\/wp-json\/wp\/v2\/comments?post=7266"}],"version-history":[{"count":1,"href":"https:\/\/pocinhos.pb.gov.br\/site\/wp-json\/wp\/v2\/posts\/7266\/revisions"}],"predecessor-version":[{"id":7268,"href":"https:\/\/pocinhos.pb.gov.br\/site\/wp-json\/wp\/v2\/posts\/7266\/revisions\/7268"}],"wp:featuredmedia":[{"embeddable":true,"href":"https:\/\/pocinhos.pb.gov.br\/site\/wp-json\/wp\/v2\/media\/7267"}],"wp:attachment":[{"href":"https:\/\/pocinhos.pb.gov.br\/site\/wp-json\/wp\/v2\/media?parent=7266"}],"wp:term":[{"taxonomy":"category","embeddable":true,"href":"https:\/\/pocinhos.pb.gov.br\/site\/wp-json\/wp\/v2\/categories?post=7266"},{"taxonomy":"post_tag","embeddable":true,"href":"https:\/\/pocinhos.pb.gov.br\/site\/wp-json\/wp\/v2\/tags?post=7266"}],"curies":[{"name":"wp","href":"https:\/\/api.w.org\/{rel}","templated":true}]}}