{"id":7269,"date":"2025-11-18T13:52:56","date_gmt":"2025-11-18T13:52:56","guid":{"rendered":"https:\/\/pocinhos.pb.gov.br\/site\/?p=7269"},"modified":"2025-11-19T13:55:50","modified_gmt":"2025-11-19T13:55:50","slug":"estudantes-homenageiam-15-personalidades-de-pocinhos-em-apresentacao-do-projeto-biografias-desconhecidas-que-fazem-parte-da-minha-historia","status":"publish","type":"post","link":"https:\/\/pocinhos.pb.gov.br\/site\/estudantes-homenageiam-15-personalidades-de-pocinhos-em-apresentacao-do-projeto-biografias-desconhecidas-que-fazem-parte-da-minha-historia\/","title":{"rendered":"Estudantes homenageiam 15 personalidades de Pocinhos em apresenta\u00e7\u00e3o do projeto \u201cBiografias desconhecidas que fazem parte da minha hist\u00f3ria\u201d"},"content":{"rendered":"<p class=\"p1\"><span class=\"s1\">A valoriza\u00e7\u00e3o da mem\u00f3ria, da cultura e das ra\u00edzes de Pocinhos ganhou destaque com a apresenta\u00e7\u00e3o do projeto <\/span><span class=\"s2\">\u201cBiografias Desconhecidas que Fazem Parte da Minha Hist\u00f3ria\u201d<\/span><span class=\"s1\">, realizada pelos estudantes das turmas <\/span><span class=\"s2\">9\u00ba A e 9\u00ba B da Escola Elizete Pereira de Ara\u00fajo<\/span><span class=\"s1\">. O evento aconteceu nesta segunda-feira (<\/span><span class=\"s2\">17),<\/span><span class=\"s1\"> na <\/span><span class=\"s2\">C\u00e2mara Municipal de Pocinhos<\/span><span class=\"s1\">.<\/span><\/p>\n<p class=\"p1\"><span class=\"s1\">A iniciativa \u00e9 conduzida pelas professoras <\/span><span class=\"s2\">Giovanna Aquino<\/span><span class=\"s1\"> e <\/span><span class=\"s2\">Raquel Maciel<\/span><span class=\"s1\">, com apoio da gest\u00e3o escolar, e tem como objetivo <\/span><span class=\"s2\">reconhecer e homenagear 15 personalidades importantes do munic\u00edpio<\/span><span class=\"s1\">, cujas hist\u00f3rias contribu\u00edram de forma significativa para o desenvolvimento cultural, social e hist\u00f3rico da cidade.<\/span><\/p>\n<p class=\"p1\"><span class=\"s1\">O projeto busca fortalecer o sentimento de pertencimento e o respeito \u00e0s ra\u00edzes locais, al\u00e9m de incentivar o olhar sens\u00edvel para hist\u00f3rias reais que moldam a identidade da comunidade.<\/span><\/p>\n<p class=\"p1\"><span class=\"s1\">A gest\u00e3o municipal destaca o trabalho dedicado da equipe escolar e o envolvimento dos estudantes, reconhecendo no projeto um instrumento de educa\u00e7\u00e3o, cidadania e preserva\u00e7\u00e3o cultural.<\/span><\/p>\n<p class=\"p1\"><span class=\"s1\">A Prefeitura de Pocinhos parabeniza todos os envolvidos e reafirma seu compromisso com a\u00e7\u00f5es que fortalecem a educa\u00e7\u00e3o, a hist\u00f3ria e a cultura do munic\u00edpio.<\/span><\/p>\n","protected":false},"excerpt":{"rendered":"<p>A valoriza\u00e7\u00e3o da mem\u00f3ria, da cultura e das ra\u00edzes de Pocinhos ganhou destaque com a apresenta\u00e7\u00e3o do projeto \u201cBiografias Desconhecidas que Fazem Parte da Minha Hist\u00f3ria\u201d, realizada pelos estudantes das turmas 9\u00ba A e 9\u00ba B da Escola Elizete Pereira de Ara\u00fajo. O evento aconteceu nesta segunda-feira (17), na C\u00e2mara Municipal de Pocinhos. A iniciativa&#8230;<\/p>\n","protected":false},"author":4,"featured_media":7270,"comment_status":"closed","ping_status":"open","sticky":false,"template":"","format":"standard","meta":{"footnotes":""},"categories":[2],"tags":[],"class_list":["post-7269","post","type-post","status-publish","format-standard","has-post-thumbnail","hentry","category-noticias"],"aioseo_notices":[],"_links":{"self":[{"href":"https:\/\/pocinhos.pb.gov.br\/site\/wp-json\/wp\/v2\/posts\/7269","targetHints":{"allow":["GET"]}}],"collection":[{"href":"https:\/\/pocinhos.pb.gov.br\/site\/wp-json\/wp\/v2\/posts"}],"about":[{"href":"https:\/\/pocinhos.pb.gov.br\/site\/wp-json\/wp\/v2\/types\/post"}],"author":[{"embeddable":true,"href":"https:\/\/pocinhos.pb.gov.br\/site\/wp-json\/wp\/v2\/users\/4"}],"replies":[{"embeddable":true,"href":"https:\/\/pocinhos.pb.gov.br\/site\/wp-json\/wp\/v2\/comments?post=7269"}],"version-history":[{"count":1,"href":"https:\/\/pocinhos.pb.gov.br\/site\/wp-json\/wp\/v2\/posts\/7269\/revisions"}],"predecessor-version":[{"id":7271,"href":"https:\/\/pocinhos.pb.gov.br\/site\/wp-json\/wp\/v2\/posts\/7269\/revisions\/7271"}],"wp:featuredmedia":[{"embeddable":true,"href":"https:\/\/pocinhos.pb.gov.br\/site\/wp-json\/wp\/v2\/media\/7270"}],"wp:attachment":[{"href":"https:\/\/pocinhos.pb.gov.br\/site\/wp-json\/wp\/v2\/media?parent=7269"}],"wp:term":[{"taxonomy":"category","embeddable":true,"href":"https:\/\/pocinhos.pb.gov.br\/site\/wp-json\/wp\/v2\/categories?post=7269"},{"taxonomy":"post_tag","embeddable":true,"href":"https:\/\/pocinhos.pb.gov.br\/site\/wp-json\/wp\/v2\/tags?post=7269"}],"curies":[{"name":"wp","href":"https:\/\/api.w.org\/{rel}","templated":true}]}}