{"id":7272,"date":"2025-11-19T14:47:00","date_gmt":"2025-11-19T14:47:00","guid":{"rendered":"https:\/\/pocinhos.pb.gov.br\/site\/?p=7272"},"modified":"2025-11-19T14:47:00","modified_gmt":"2025-11-19T14:47:00","slug":"educacao-premiada-escolas-de-pocinhos-conquistam-1o-e-2o-lugar-no-programa-escola-da-energia","status":"publish","type":"post","link":"https:\/\/pocinhos.pb.gov.br\/site\/educacao-premiada-escolas-de-pocinhos-conquistam-1o-e-2o-lugar-no-programa-escola-da-energia\/","title":{"rendered":"Educa\u00e7\u00e3o premiada: Escolas de Pocinhos conquistam 1\u00ba e 2\u00ba lugar no programa Escola da Energia"},"content":{"rendered":"<p class=\"p1\"><span class=\"s1\">As escolas Castro Alves e Rui Barbosa, ambas da rede municipal de Pocinhos, foram destaques na edi\u00e7\u00e3o 2025 do programa Escola da Energia, realizado h\u00e1 23 anos pela empresa EDP. As institui\u00e7\u00f5es conquistaram, respectivamente, o 1\u00ba e o 2\u00ba lugar na categoria Escola.<\/span><\/p>\n<p class=\"p1\"><span class=\"s1\">Cada unidade recebeu o pr\u00eamio de R$ 50 mil, totalizando R$ 100 mil destinados a interven\u00e7\u00f5es el\u00e9tricas e melhorias estruturais.<\/span><\/p>\n<p class=\"p1\"><span class=\"s1\">Nesta edi\u00e7\u00e3o, professores e estudantes desenvolveram atividades em sala de aula a partir do tema \u201cCaminhos da Energia, Caminhos do Futuro: Gera\u00e7\u00e3o, Transmiss\u00e3o, Distribui\u00e7\u00e3o e Consumo\u201d, produzindo trabalhos que abordaram o uso consciente, a inova\u00e7\u00e3o e o futuro da energia.<\/span><\/p>\n<p class=\"p1\"><span class=\"s1\">O programa tem como objetivo estimular habilidades digitais e inovadoras entre professores, al\u00e9m de incentivar o pensamento cr\u00edtico dos alunos. Ao todo, mais de 10 mil estudantes e 900 professores, de 44 escolas p\u00fablicas distribu\u00eddas por dez estados brasileiros, participaram do projeto.<\/span><\/p>\n<p class=\"p1\"><span class=\"s1\">A conquista refor\u00e7a o trabalho desenvolvido pelas escolas de Pocinhos e o compromisso com pr\u00e1ticas pedag\u00f3gicas que incentivam criatividade, pesquisa e inova\u00e7\u00e3o.<\/span><\/p>\n","protected":false},"excerpt":{"rendered":"<p>As escolas Castro Alves e Rui Barbosa, ambas da rede municipal de Pocinhos, foram destaques na edi\u00e7\u00e3o 2025 do programa Escola da Energia, realizado h\u00e1 23 anos pela empresa EDP. As institui\u00e7\u00f5es conquistaram, respectivamente, o 1\u00ba e o 2\u00ba lugar na categoria Escola. Cada unidade recebeu o pr\u00eamio de R$ 50 mil, totalizando R$ 100&#8230;<\/p>\n","protected":false},"author":4,"featured_media":7273,"comment_status":"closed","ping_status":"open","sticky":false,"template":"","format":"standard","meta":{"footnotes":""},"categories":[2],"tags":[],"class_list":["post-7272","post","type-post","status-publish","format-standard","has-post-thumbnail","hentry","category-noticias"],"aioseo_notices":[],"_links":{"self":[{"href":"https:\/\/pocinhos.pb.gov.br\/site\/wp-json\/wp\/v2\/posts\/7272","targetHints":{"allow":["GET"]}}],"collection":[{"href":"https:\/\/pocinhos.pb.gov.br\/site\/wp-json\/wp\/v2\/posts"}],"about":[{"href":"https:\/\/pocinhos.pb.gov.br\/site\/wp-json\/wp\/v2\/types\/post"}],"author":[{"embeddable":true,"href":"https:\/\/pocinhos.pb.gov.br\/site\/wp-json\/wp\/v2\/users\/4"}],"replies":[{"embeddable":true,"href":"https:\/\/pocinhos.pb.gov.br\/site\/wp-json\/wp\/v2\/comments?post=7272"}],"version-history":[{"count":1,"href":"https:\/\/pocinhos.pb.gov.br\/site\/wp-json\/wp\/v2\/posts\/7272\/revisions"}],"predecessor-version":[{"id":7274,"href":"https:\/\/pocinhos.pb.gov.br\/site\/wp-json\/wp\/v2\/posts\/7272\/revisions\/7274"}],"wp:featuredmedia":[{"embeddable":true,"href":"https:\/\/pocinhos.pb.gov.br\/site\/wp-json\/wp\/v2\/media\/7273"}],"wp:attachment":[{"href":"https:\/\/pocinhos.pb.gov.br\/site\/wp-json\/wp\/v2\/media?parent=7272"}],"wp:term":[{"taxonomy":"category","embeddable":true,"href":"https:\/\/pocinhos.pb.gov.br\/site\/wp-json\/wp\/v2\/categories?post=7272"},{"taxonomy":"post_tag","embeddable":true,"href":"https:\/\/pocinhos.pb.gov.br\/site\/wp-json\/wp\/v2\/tags?post=7272"}],"curies":[{"name":"wp","href":"https:\/\/api.w.org\/{rel}","templated":true}]}}