{"id":7284,"date":"2025-11-24T16:55:54","date_gmt":"2025-11-24T16:55:54","guid":{"rendered":"https:\/\/pocinhos.pb.gov.br\/site\/?p=7284"},"modified":"2025-11-24T16:55:54","modified_gmt":"2025-11-24T16:55:54","slug":"vice-prefeito-sostenes-assume-a-gestao-municipal-durante-viagem-oficial-da-prefeita-eliane","status":"publish","type":"post","link":"https:\/\/pocinhos.pb.gov.br\/site\/vice-prefeito-sostenes-assume-a-gestao-municipal-durante-viagem-oficial-da-prefeita-eliane\/","title":{"rendered":"Vice-prefeito S\u00f3stenes assume a gest\u00e3o municipal durante viagem oficial da prefeita Eliane"},"content":{"rendered":"<p class=\"p1\"><span class=\"s1\">A Prefeitura Municipal de Pocinhos informa que, no per\u00edodo de <\/span><span class=\"s2\">24 de novembro a 05 de dezembro de 2025<\/span><span class=\"s1\">, o cargo de Prefeito Constitucional ser\u00e1 exercido pelo vice-prefeito <\/span><span class=\"s2\">S\u00f3stenes Murilo Melo de Oliveira<\/span><span class=\"s1\">. A transmiss\u00e3o de cargo foi realizada de acordo com as normas legais, garantindo a continuidade administrativa e o pleno funcionamento dos servi\u00e7os p\u00fablicos.<\/span><\/p>\n<p class=\"p1\"><span class=\"s1\">A prefeita Eliane estar\u00e1 em Bras\u00edlia cumprindo agenda institucional, com o objetivo de buscar novos investimentos e ampliar as oportunidades de desenvolvimento para Pocinhos.<\/span><\/p>\n<p class=\"p1\"><span class=\"s1\">Durante sua aus\u00eancia, o vice-prefeito ficar\u00e1 respons\u00e1vel pela condu\u00e7\u00e3o da administra\u00e7\u00e3o, estando autorizado a praticar todos os atos inerentes \u00e0 fun\u00e7\u00e3o. A prefeita destacou sua confian\u00e7a na atua\u00e7\u00e3o de S\u00f3stenes e reafirmou que o munic\u00edpio permanece em boas m\u00e3os.<\/span><\/p>\n<p><img fetchpriority=\"high\" decoding=\"async\" class=\"alignnone size-medium wp-image-7285\" src=\"https:\/\/pocinhos.pb.gov.br\/site\/wp-content\/uploads\/2025\/11\/1bfd29be-03b2-44a4-be67-49e5d43e2d61-240x300.jpeg\" alt=\"\" width=\"240\" height=\"300\" srcset=\"https:\/\/pocinhos.pb.gov.br\/site\/wp-content\/uploads\/2025\/11\/1bfd29be-03b2-44a4-be67-49e5d43e2d61-240x300.jpeg 240w, https:\/\/pocinhos.pb.gov.br\/site\/wp-content\/uploads\/2025\/11\/1bfd29be-03b2-44a4-be67-49e5d43e2d61-819x1024.jpeg 819w, https:\/\/pocinhos.pb.gov.br\/site\/wp-content\/uploads\/2025\/11\/1bfd29be-03b2-44a4-be67-49e5d43e2d61-768x960.jpeg 768w, https:\/\/pocinhos.pb.gov.br\/site\/wp-content\/uploads\/2025\/11\/1bfd29be-03b2-44a4-be67-49e5d43e2d61.jpeg 1024w\" sizes=\"(max-width: 240px) 100vw, 240px\" \/><\/p>\n<p class=\"p1\"><span class=\"s1\">A Prefeitura ressalta seu compromisso com a transpar\u00eancia, a responsabilidade p\u00fablica e a continuidade das a\u00e7\u00f5es que beneficiam toda a popula\u00e7\u00e3o pocinhense.<\/span><\/p>\n","protected":false},"excerpt":{"rendered":"<p>A Prefeitura Municipal de Pocinhos informa que, no per\u00edodo de 24 de novembro a 05 de dezembro de 2025, o cargo de Prefeito Constitucional ser\u00e1 exercido pelo vice-prefeito S\u00f3stenes Murilo Melo de Oliveira. A transmiss\u00e3o de cargo foi realizada de acordo com as normas legais, garantindo a continuidade administrativa e o pleno funcionamento dos servi\u00e7os&#8230;<\/p>\n","protected":false},"author":4,"featured_media":7286,"comment_status":"closed","ping_status":"open","sticky":false,"template":"","format":"standard","meta":{"footnotes":""},"categories":[2],"tags":[],"class_list":["post-7284","post","type-post","status-publish","format-standard","has-post-thumbnail","hentry","category-noticias"],"aioseo_notices":[],"_links":{"self":[{"href":"https:\/\/pocinhos.pb.gov.br\/site\/wp-json\/wp\/v2\/posts\/7284","targetHints":{"allow":["GET"]}}],"collection":[{"href":"https:\/\/pocinhos.pb.gov.br\/site\/wp-json\/wp\/v2\/posts"}],"about":[{"href":"https:\/\/pocinhos.pb.gov.br\/site\/wp-json\/wp\/v2\/types\/post"}],"author":[{"embeddable":true,"href":"https:\/\/pocinhos.pb.gov.br\/site\/wp-json\/wp\/v2\/users\/4"}],"replies":[{"embeddable":true,"href":"https:\/\/pocinhos.pb.gov.br\/site\/wp-json\/wp\/v2\/comments?post=7284"}],"version-history":[{"count":1,"href":"https:\/\/pocinhos.pb.gov.br\/site\/wp-json\/wp\/v2\/posts\/7284\/revisions"}],"predecessor-version":[{"id":7287,"href":"https:\/\/pocinhos.pb.gov.br\/site\/wp-json\/wp\/v2\/posts\/7284\/revisions\/7287"}],"wp:featuredmedia":[{"embeddable":true,"href":"https:\/\/pocinhos.pb.gov.br\/site\/wp-json\/wp\/v2\/media\/7286"}],"wp:attachment":[{"href":"https:\/\/pocinhos.pb.gov.br\/site\/wp-json\/wp\/v2\/media?parent=7284"}],"wp:term":[{"taxonomy":"category","embeddable":true,"href":"https:\/\/pocinhos.pb.gov.br\/site\/wp-json\/wp\/v2\/categories?post=7284"},{"taxonomy":"post_tag","embeddable":true,"href":"https:\/\/pocinhos.pb.gov.br\/site\/wp-json\/wp\/v2\/tags?post=7284"}],"curies":[{"name":"wp","href":"https:\/\/api.w.org\/{rel}","templated":true}]}}