{"id":7293,"date":"2025-11-28T14:20:12","date_gmt":"2025-11-28T14:20:12","guid":{"rendered":"https:\/\/pocinhos.pb.gov.br\/site\/?p=7293"},"modified":"2025-11-28T14:20:12","modified_gmt":"2025-11-28T14:20:12","slug":"pocinhos-conquista-premio-ouro-no-selo-sebrae-de-referencia-em-atendimento","status":"publish","type":"post","link":"https:\/\/pocinhos.pb.gov.br\/site\/pocinhos-conquista-premio-ouro-no-selo-sebrae-de-referencia-em-atendimento\/","title":{"rendered":"Pocinhos conquista Pr\u00eamio Ouro no Selo Sebrae de Refer\u00eancia em Atendimento"},"content":{"rendered":"<p class=\"p1\"><span class=\"s1\">A Sala do Empreendedor de Pocinhos foi reconhecida com o <\/span><span class=\"s2\">Pr\u00eamio Ouro do Selo Sebrae de Refer\u00eancia em Atendimento<\/span><span class=\"s1\">, certifica\u00e7\u00e3o que destaca munic\u00edpios de todo o pa\u00eds que oferecem servi\u00e7os de excel\u00eancia aos pequenos neg\u00f3cios.<\/span><\/p>\n<p class=\"p1\"><span class=\"s1\">A premia\u00e7\u00e3o \u00e9 destinada aos parceiros do Sebrae que se destacam pelo atendimento qualificado e suporte aos empreendedores locais e Pocinhos se consolida entre as cidades com melhor desempenho na Para\u00edba.<\/span><\/p>\n<p class=\"p1\"><span class=\"s1\">A conquista do Ouro, o n\u00edvel mais alto da certifica\u00e7\u00e3o, refor\u00e7a o compromisso do munic\u00edpio em criar oportunidades, incentivar o empreendedorismo e aprimorar a presta\u00e7\u00e3o de servi\u00e7os p\u00fablicos.<\/span><\/p>\n<p class=\"p1\"><span class=\"s1\">A certifica\u00e7\u00e3o do Sebrae demonstra que o trabalho realizado no munic\u00edpio segue como refer\u00eancia na Para\u00edba. Com mais essa conquista, Pocinhos reafirma seu compromisso em promover desenvolvimento econ\u00f4mico, estimular a gera\u00e7\u00e3o de renda e garantir que cada empreendedor tenha suporte para crescer com seguran\u00e7a e qualidade.<\/span><\/p>\n","protected":false},"excerpt":{"rendered":"<p>A Sala do Empreendedor de Pocinhos foi reconhecida com o Pr\u00eamio Ouro do Selo Sebrae de Refer\u00eancia em Atendimento, certifica\u00e7\u00e3o que destaca munic\u00edpios de todo o pa\u00eds que oferecem servi\u00e7os de excel\u00eancia aos pequenos neg\u00f3cios. A premia\u00e7\u00e3o \u00e9 destinada aos parceiros do Sebrae que se destacam pelo atendimento qualificado e suporte aos empreendedores locais e&#8230;<\/p>\n","protected":false},"author":4,"featured_media":7294,"comment_status":"closed","ping_status":"open","sticky":false,"template":"","format":"standard","meta":{"footnotes":""},"categories":[2],"tags":[],"class_list":["post-7293","post","type-post","status-publish","format-standard","has-post-thumbnail","hentry","category-noticias"],"aioseo_notices":[],"_links":{"self":[{"href":"https:\/\/pocinhos.pb.gov.br\/site\/wp-json\/wp\/v2\/posts\/7293","targetHints":{"allow":["GET"]}}],"collection":[{"href":"https:\/\/pocinhos.pb.gov.br\/site\/wp-json\/wp\/v2\/posts"}],"about":[{"href":"https:\/\/pocinhos.pb.gov.br\/site\/wp-json\/wp\/v2\/types\/post"}],"author":[{"embeddable":true,"href":"https:\/\/pocinhos.pb.gov.br\/site\/wp-json\/wp\/v2\/users\/4"}],"replies":[{"embeddable":true,"href":"https:\/\/pocinhos.pb.gov.br\/site\/wp-json\/wp\/v2\/comments?post=7293"}],"version-history":[{"count":1,"href":"https:\/\/pocinhos.pb.gov.br\/site\/wp-json\/wp\/v2\/posts\/7293\/revisions"}],"predecessor-version":[{"id":7295,"href":"https:\/\/pocinhos.pb.gov.br\/site\/wp-json\/wp\/v2\/posts\/7293\/revisions\/7295"}],"wp:featuredmedia":[{"embeddable":true,"href":"https:\/\/pocinhos.pb.gov.br\/site\/wp-json\/wp\/v2\/media\/7294"}],"wp:attachment":[{"href":"https:\/\/pocinhos.pb.gov.br\/site\/wp-json\/wp\/v2\/media?parent=7293"}],"wp:term":[{"taxonomy":"category","embeddable":true,"href":"https:\/\/pocinhos.pb.gov.br\/site\/wp-json\/wp\/v2\/categories?post=7293"},{"taxonomy":"post_tag","embeddable":true,"href":"https:\/\/pocinhos.pb.gov.br\/site\/wp-json\/wp\/v2\/tags?post=7293"}],"curies":[{"name":"wp","href":"https:\/\/api.w.org\/{rel}","templated":true}]}}