{"id":7315,"date":"2025-12-07T15:14:23","date_gmt":"2025-12-07T15:14:23","guid":{"rendered":"https:\/\/pocinhos.pb.gov.br\/site\/?p=7315"},"modified":"2025-12-10T15:17:55","modified_gmt":"2025-12-10T15:17:55","slug":"pocinhos-inaugura-secretaria-de-cultura-e-esportes-e-homenageia-o-maestro-erivelton-da-cunha-nobrega","status":"publish","type":"post","link":"https:\/\/pocinhos.pb.gov.br\/site\/pocinhos-inaugura-secretaria-de-cultura-e-esportes-e-homenageia-o-maestro-erivelton-da-cunha-nobrega\/","title":{"rendered":"Pocinhos inaugura Secretaria de Cultura e Esportes e homenageia o Maestro Erivelton da Cunha N\u00f3brega"},"content":{"rendered":"<p class=\"p1\"><span class=\"s1\">A Prefeitura de Pocinhos entregou, nesta sexta-feira (06), a nova sede da Secretaria de Cultura e Esportes, um espa\u00e7o dedicado ao fortalecimento das pol\u00edticas culturais e esportivas do munic\u00edpio. O equipamento p\u00fablico recebeu o nome do maestro Erivelton da Cunha N\u00f3brega, carinhosamente conhecido como <\/span><span class=\"s2\">Vevel<\/span><span class=\"s1\">, figura marcante na hist\u00f3ria cultural pocinhense.<\/span><\/p>\n<p class=\"p1\"><span class=\"s1\">A homenagem reconhece o legado do m\u00fasico, que dedicou sua vida \u00e0 m\u00fasica e \u00e0 forma\u00e7\u00e3o de novas gera\u00e7\u00f5es de artistas. Agora, seu nome passa a representar oficialmente um espa\u00e7o destinado a continuar esse trabalho de incentivo e valoriza\u00e7\u00e3o.<\/span><\/p>\n<p class=\"p1\"><span class=\"s1\">Com a inaugura\u00e7\u00e3o, Pocinhos reafirma seu compromisso com a promo\u00e7\u00e3o cultural e o desenvolvimento esportivo, refor\u00e7ando que investir nesses setores \u00e9 investir em cidadania e qualidade de vida. <\/span><\/p>\n<p class=\"p1\"><span class=\"s1\">A nova Secretaria de Cultura e Esportes, agora eternizando o nome de Maestro Vevel, passa a ser um marco para a cidade, simbolizando respeito \u00e0 mem\u00f3ria e esperan\u00e7a em novos caminhos de cria\u00e7\u00e3o, inclus\u00e3o e oportunidades.<\/span><\/p>\n","protected":false},"excerpt":{"rendered":"<p>A Prefeitura de Pocinhos entregou, nesta sexta-feira (06), a nova sede da Secretaria de Cultura e Esportes, um espa\u00e7o dedicado ao fortalecimento das pol\u00edticas culturais e esportivas do munic\u00edpio. O equipamento p\u00fablico recebeu o nome do maestro Erivelton da Cunha N\u00f3brega, carinhosamente conhecido como Vevel, figura marcante na hist\u00f3ria cultural pocinhense. A homenagem reconhece o&#8230;<\/p>\n","protected":false},"author":4,"featured_media":7316,"comment_status":"closed","ping_status":"open","sticky":false,"template":"","format":"standard","meta":{"footnotes":""},"categories":[2],"tags":[],"class_list":["post-7315","post","type-post","status-publish","format-standard","has-post-thumbnail","hentry","category-noticias"],"aioseo_notices":[],"_links":{"self":[{"href":"https:\/\/pocinhos.pb.gov.br\/site\/wp-json\/wp\/v2\/posts\/7315","targetHints":{"allow":["GET"]}}],"collection":[{"href":"https:\/\/pocinhos.pb.gov.br\/site\/wp-json\/wp\/v2\/posts"}],"about":[{"href":"https:\/\/pocinhos.pb.gov.br\/site\/wp-json\/wp\/v2\/types\/post"}],"author":[{"embeddable":true,"href":"https:\/\/pocinhos.pb.gov.br\/site\/wp-json\/wp\/v2\/users\/4"}],"replies":[{"embeddable":true,"href":"https:\/\/pocinhos.pb.gov.br\/site\/wp-json\/wp\/v2\/comments?post=7315"}],"version-history":[{"count":2,"href":"https:\/\/pocinhos.pb.gov.br\/site\/wp-json\/wp\/v2\/posts\/7315\/revisions"}],"predecessor-version":[{"id":7318,"href":"https:\/\/pocinhos.pb.gov.br\/site\/wp-json\/wp\/v2\/posts\/7315\/revisions\/7318"}],"wp:featuredmedia":[{"embeddable":true,"href":"https:\/\/pocinhos.pb.gov.br\/site\/wp-json\/wp\/v2\/media\/7316"}],"wp:attachment":[{"href":"https:\/\/pocinhos.pb.gov.br\/site\/wp-json\/wp\/v2\/media?parent=7315"}],"wp:term":[{"taxonomy":"category","embeddable":true,"href":"https:\/\/pocinhos.pb.gov.br\/site\/wp-json\/wp\/v2\/categories?post=7315"},{"taxonomy":"post_tag","embeddable":true,"href":"https:\/\/pocinhos.pb.gov.br\/site\/wp-json\/wp\/v2\/tags?post=7315"}],"curies":[{"name":"wp","href":"https:\/\/api.w.org\/{rel}","templated":true}]}}