{"id":7319,"date":"2025-12-07T15:18:20","date_gmt":"2025-12-07T15:18:20","guid":{"rendered":"https:\/\/pocinhos.pb.gov.br\/site\/?p=7319"},"modified":"2025-12-10T15:25:02","modified_gmt":"2025-12-10T15:25:02","slug":"pocinhos-amplia-a-rede-socioassistencial-com-entrega-do-novo-cras","status":"publish","type":"post","link":"https:\/\/pocinhos.pb.gov.br\/site\/pocinhos-amplia-a-rede-socioassistencial-com-entrega-do-novo-cras\/","title":{"rendered":"Pocinhos amplia a rede socioassistencial com entrega do novo CRAS"},"content":{"rendered":"<p class=\"p1\"><span class=\"s1\">A Prefeitura de Pocinhos entregou, nesta sexta-feira (06), a mais nova unidade do Centro de Refer\u00eancia de Assist\u00eancia Social (CRAS), refor\u00e7ando o compromisso da gest\u00e3o em ampliar e qualificar os servi\u00e7os socioassistenciais oferecidos \u00e0s fam\u00edlias do munic\u00edpio.<\/span><\/p>\n<p class=\"p1\"><span class=\"s1\">A nova estrutura foi planejada para garantir melhores condi\u00e7\u00f5es de atendimento, fortalecer a\u00e7\u00f5es de prote\u00e7\u00e3o social b\u00e1sica e ampliar o acesso da popula\u00e7\u00e3o a programas, servi\u00e7os e benef\u00edcios ofertados pela assist\u00eancia social.<\/span><\/p>\n<p class=\"p1\"><span class=\"s1\">Durante a solenidade, o munic\u00edpio oficializou que a unidade receber\u00e1 o nome de <\/span><span class=\"s2\">Auzenil Querino da Silva<\/span><span class=\"s1\">, como forma de reconhecimento e respeito \u00e0 sua mem\u00f3ria. A homenagem marca a import\u00e2ncia simb\u00f3lica do espa\u00e7o e refor\u00e7a o compromisso da gest\u00e3o com a valoriza\u00e7\u00e3o da hist\u00f3ria local.<\/span><\/p>\n<p class=\"p1\"><span class=\"s1\">Com a entrega, Pocinhos d\u00e1 mais um passo significativo na consolida\u00e7\u00e3o de uma rede de prote\u00e7\u00e3o social cada vez mais forte e presente no cotidiano das fam\u00edlias, reafirmando o cuidado e a responsabilidade da gest\u00e3o com o bem-estar da popula\u00e7\u00e3o.<\/span><\/p>\n","protected":false},"excerpt":{"rendered":"<p>A Prefeitura de Pocinhos entregou, nesta sexta-feira (06), a mais nova unidade do Centro de Refer\u00eancia de Assist\u00eancia Social (CRAS), refor\u00e7ando o compromisso da gest\u00e3o em ampliar e qualificar os servi\u00e7os socioassistenciais oferecidos \u00e0s fam\u00edlias do munic\u00edpio. A nova estrutura foi planejada para garantir melhores condi\u00e7\u00f5es de atendimento, fortalecer a\u00e7\u00f5es de prote\u00e7\u00e3o social b\u00e1sica e&#8230;<\/p>\n","protected":false},"author":4,"featured_media":7320,"comment_status":"closed","ping_status":"open","sticky":false,"template":"","format":"standard","meta":{"footnotes":""},"categories":[2],"tags":[],"class_list":["post-7319","post","type-post","status-publish","format-standard","has-post-thumbnail","hentry","category-noticias"],"aioseo_notices":[],"_links":{"self":[{"href":"https:\/\/pocinhos.pb.gov.br\/site\/wp-json\/wp\/v2\/posts\/7319","targetHints":{"allow":["GET"]}}],"collection":[{"href":"https:\/\/pocinhos.pb.gov.br\/site\/wp-json\/wp\/v2\/posts"}],"about":[{"href":"https:\/\/pocinhos.pb.gov.br\/site\/wp-json\/wp\/v2\/types\/post"}],"author":[{"embeddable":true,"href":"https:\/\/pocinhos.pb.gov.br\/site\/wp-json\/wp\/v2\/users\/4"}],"replies":[{"embeddable":true,"href":"https:\/\/pocinhos.pb.gov.br\/site\/wp-json\/wp\/v2\/comments?post=7319"}],"version-history":[{"count":1,"href":"https:\/\/pocinhos.pb.gov.br\/site\/wp-json\/wp\/v2\/posts\/7319\/revisions"}],"predecessor-version":[{"id":7321,"href":"https:\/\/pocinhos.pb.gov.br\/site\/wp-json\/wp\/v2\/posts\/7319\/revisions\/7321"}],"wp:featuredmedia":[{"embeddable":true,"href":"https:\/\/pocinhos.pb.gov.br\/site\/wp-json\/wp\/v2\/media\/7320"}],"wp:attachment":[{"href":"https:\/\/pocinhos.pb.gov.br\/site\/wp-json\/wp\/v2\/media?parent=7319"}],"wp:term":[{"taxonomy":"category","embeddable":true,"href":"https:\/\/pocinhos.pb.gov.br\/site\/wp-json\/wp\/v2\/categories?post=7319"},{"taxonomy":"post_tag","embeddable":true,"href":"https:\/\/pocinhos.pb.gov.br\/site\/wp-json\/wp\/v2\/tags?post=7319"}],"curies":[{"name":"wp","href":"https:\/\/api.w.org\/{rel}","templated":true}]}}