{"id":7322,"date":"2025-12-07T15:25:38","date_gmt":"2025-12-07T15:25:38","guid":{"rendered":"https:\/\/pocinhos.pb.gov.br\/site\/?p=7322"},"modified":"2025-12-10T15:40:23","modified_gmt":"2025-12-10T15:40:23","slug":"entrega-da-escola-jose-pereira-do-nascimento-reforca-compromisso-com-a-educacao-em-pocinhos","status":"publish","type":"post","link":"https:\/\/pocinhos.pb.gov.br\/site\/entrega-da-escola-jose-pereira-do-nascimento-reforca-compromisso-com-a-educacao-em-pocinhos\/","title":{"rendered":"Entrega da Escola Jos\u00e9 Pereira do Nascimento refor\u00e7a compromisso com a educa\u00e7\u00e3o em Pocinhos"},"content":{"rendered":"<p class=\"p1\"><span class=\"s1\">A Prefeitura de Pocinhos entregou, nesta sexta-feira (06), a nova Escola Municipal Jos\u00e9 Pereira do Nascimento, um equipamento totalmente renovado e preparado para oferecer melhores condi\u00e7\u00f5es de aprendizagem aos estudantes. A obra representa um avan\u00e7o significativo para a educa\u00e7\u00e3o do munic\u00edpio, garantindo mais conforto, seguran\u00e7a e estrutura adequada para alunos, professores e toda a comunidade escolar.<\/span><\/p>\n<p class=\"p1\"><span class=\"s1\">Durante a entrega, a gest\u00e3o municipal destacou que o investimento reafirma o compromisso com a educa\u00e7\u00e3o p\u00fablica de qualidade e com a valoriza\u00e7\u00e3o dos espa\u00e7os que servem de base para o futuro das novas gera\u00e7\u00f5es. A obra tamb\u00e9m integra um conjunto de a\u00e7\u00f5es que v\u00eam sendo realizadas para ampliar e modernizar a educa\u00e7\u00e3o no munic\u00edpio. <\/span><\/p>\n<p class=\"p1\"><span class=\"s1\">Com a inaugura\u00e7\u00e3o da Escola Municipal Jos\u00e9 Pereira do Nascimento, Pocinhos refor\u00e7a seu compromisso em promover um ambiente escolar mais fortalecido, celebrando mais um importante passo na constru\u00e7\u00e3o de uma educa\u00e7\u00e3o que acolhe e transforma vidas.<\/span><\/p>\n","protected":false},"excerpt":{"rendered":"<p>A Prefeitura de Pocinhos entregou, nesta sexta-feira (06), a nova Escola Municipal Jos\u00e9 Pereira do Nascimento, um equipamento totalmente renovado e preparado para oferecer melhores condi\u00e7\u00f5es de aprendizagem aos estudantes. A obra representa um avan\u00e7o significativo para a educa\u00e7\u00e3o do munic\u00edpio, garantindo mais conforto, seguran\u00e7a e estrutura adequada para alunos, professores e toda a comunidade&#8230;<\/p>\n","protected":false},"author":4,"featured_media":7323,"comment_status":"closed","ping_status":"open","sticky":false,"template":"","format":"standard","meta":{"footnotes":""},"categories":[2],"tags":[],"class_list":["post-7322","post","type-post","status-publish","format-standard","has-post-thumbnail","hentry","category-noticias"],"aioseo_notices":[],"_links":{"self":[{"href":"https:\/\/pocinhos.pb.gov.br\/site\/wp-json\/wp\/v2\/posts\/7322","targetHints":{"allow":["GET"]}}],"collection":[{"href":"https:\/\/pocinhos.pb.gov.br\/site\/wp-json\/wp\/v2\/posts"}],"about":[{"href":"https:\/\/pocinhos.pb.gov.br\/site\/wp-json\/wp\/v2\/types\/post"}],"author":[{"embeddable":true,"href":"https:\/\/pocinhos.pb.gov.br\/site\/wp-json\/wp\/v2\/users\/4"}],"replies":[{"embeddable":true,"href":"https:\/\/pocinhos.pb.gov.br\/site\/wp-json\/wp\/v2\/comments?post=7322"}],"version-history":[{"count":1,"href":"https:\/\/pocinhos.pb.gov.br\/site\/wp-json\/wp\/v2\/posts\/7322\/revisions"}],"predecessor-version":[{"id":7324,"href":"https:\/\/pocinhos.pb.gov.br\/site\/wp-json\/wp\/v2\/posts\/7322\/revisions\/7324"}],"wp:featuredmedia":[{"embeddable":true,"href":"https:\/\/pocinhos.pb.gov.br\/site\/wp-json\/wp\/v2\/media\/7323"}],"wp:attachment":[{"href":"https:\/\/pocinhos.pb.gov.br\/site\/wp-json\/wp\/v2\/media?parent=7322"}],"wp:term":[{"taxonomy":"category","embeddable":true,"href":"https:\/\/pocinhos.pb.gov.br\/site\/wp-json\/wp\/v2\/categories?post=7322"},{"taxonomy":"post_tag","embeddable":true,"href":"https:\/\/pocinhos.pb.gov.br\/site\/wp-json\/wp\/v2\/tags?post=7322"}],"curies":[{"name":"wp","href":"https:\/\/api.w.org\/{rel}","templated":true}]}}