{"id":7325,"date":"2025-12-09T15:41:06","date_gmt":"2025-12-09T15:41:06","guid":{"rendered":"https:\/\/pocinhos.pb.gov.br\/site\/?p=7325"},"modified":"2025-12-10T15:53:31","modified_gmt":"2025-12-10T15:53:31","slug":"fe-e-devocao-marcam-procissao-de-nossa-senhora-da-conceicao-em-pocinhos","status":"publish","type":"post","link":"https:\/\/pocinhos.pb.gov.br\/site\/fe-e-devocao-marcam-procissao-de-nossa-senhora-da-conceicao-em-pocinhos\/","title":{"rendered":"F\u00e9 e devo\u00e7\u00e3o marcam prociss\u00e3o de Nossa Senhora da Concei\u00e7\u00e3o em Pocinhos"},"content":{"rendered":"<p class=\"p1\"><span class=\"s1\">A cidade de Pocinhos viveu um momento de f\u00e9 e devo\u00e7\u00e3o nesta segunda-feira (08), durante a prociss\u00e3o em honra a Nossa Senhora da Concei\u00e7\u00e3o, padroeira do munic\u00edpio. Centenas de fi\u00e9is acompanharam o cortejo religioso, que percorreu as principais ruas da cidade em um clima de profundo simbolismo da f\u00e9.<\/span><\/p>\n<p class=\"p1\"><span class=\"s1\">Ao final do trajeto, a programa\u00e7\u00e3o religiosa foi encerrada com a Santa Missa, celebrada na Igreja Matriz. O momento marcou a import\u00e2ncia das tradi\u00e7\u00f5es religiosas para a comunidade e destacou a padroeira como s\u00edmbolo de prote\u00e7\u00e3o e f\u00e9 para os pocinhenses.<\/span><\/p>\n<figure id=\"attachment_7326\" aria-describedby=\"caption-attachment-7326\" style=\"width: 768px\" class=\"wp-caption aligncenter\"><img fetchpriority=\"high\" decoding=\"async\" class=\"wp-image-7326 size-large\" src=\"https:\/\/pocinhos.pb.gov.br\/site\/wp-content\/uploads\/2025\/12\/IMG_6713-768x1024.jpeg\" alt=\"\" width=\"768\" height=\"1024\" srcset=\"https:\/\/pocinhos.pb.gov.br\/site\/wp-content\/uploads\/2025\/12\/IMG_6713-768x1024.jpeg 768w, https:\/\/pocinhos.pb.gov.br\/site\/wp-content\/uploads\/2025\/12\/IMG_6713-225x300.jpeg 225w, https:\/\/pocinhos.pb.gov.br\/site\/wp-content\/uploads\/2025\/12\/IMG_6713-1152x1536.jpeg 1152w, https:\/\/pocinhos.pb.gov.br\/site\/wp-content\/uploads\/2025\/12\/IMG_6713-1536x2048.jpeg 1536w, https:\/\/pocinhos.pb.gov.br\/site\/wp-content\/uploads\/2025\/12\/IMG_6713-scaled.jpeg 1920w\" sizes=\"(max-width: 768px) 100vw, 768px\" \/><figcaption id=\"caption-attachment-7326\" class=\"wp-caption-text\">\u00a0<\/figcaption><\/figure>\n<p class=\"p1\"><span class=\"s1\">O dia de Nossa Senhora da Concei\u00e7\u00e3o em Pocinhos registrou a for\u00e7a da f\u00e9 que une a popula\u00e7\u00e3o, mantendo vivas as ra\u00edzes religiosas que fazem parte da hist\u00f3ria de Pocinhos.<\/span><\/p>\n","protected":false},"excerpt":{"rendered":"<p>A cidade de Pocinhos viveu um momento de f\u00e9 e devo\u00e7\u00e3o nesta segunda-feira (08), durante a prociss\u00e3o em honra a Nossa Senhora da Concei\u00e7\u00e3o, padroeira do munic\u00edpio. Centenas de fi\u00e9is acompanharam o cortejo religioso, que percorreu as principais ruas da cidade em um clima de profundo simbolismo da f\u00e9. Ao final do trajeto, a programa\u00e7\u00e3o&#8230;<\/p>\n","protected":false},"author":4,"featured_media":7327,"comment_status":"closed","ping_status":"open","sticky":false,"template":"","format":"standard","meta":{"footnotes":""},"categories":[2],"tags":[],"class_list":["post-7325","post","type-post","status-publish","format-standard","has-post-thumbnail","hentry","category-noticias"],"aioseo_notices":[],"_links":{"self":[{"href":"https:\/\/pocinhos.pb.gov.br\/site\/wp-json\/wp\/v2\/posts\/7325","targetHints":{"allow":["GET"]}}],"collection":[{"href":"https:\/\/pocinhos.pb.gov.br\/site\/wp-json\/wp\/v2\/posts"}],"about":[{"href":"https:\/\/pocinhos.pb.gov.br\/site\/wp-json\/wp\/v2\/types\/post"}],"author":[{"embeddable":true,"href":"https:\/\/pocinhos.pb.gov.br\/site\/wp-json\/wp\/v2\/users\/4"}],"replies":[{"embeddable":true,"href":"https:\/\/pocinhos.pb.gov.br\/site\/wp-json\/wp\/v2\/comments?post=7325"}],"version-history":[{"count":3,"href":"https:\/\/pocinhos.pb.gov.br\/site\/wp-json\/wp\/v2\/posts\/7325\/revisions"}],"predecessor-version":[{"id":7330,"href":"https:\/\/pocinhos.pb.gov.br\/site\/wp-json\/wp\/v2\/posts\/7325\/revisions\/7330"}],"wp:featuredmedia":[{"embeddable":true,"href":"https:\/\/pocinhos.pb.gov.br\/site\/wp-json\/wp\/v2\/media\/7327"}],"wp:attachment":[{"href":"https:\/\/pocinhos.pb.gov.br\/site\/wp-json\/wp\/v2\/media?parent=7325"}],"wp:term":[{"taxonomy":"category","embeddable":true,"href":"https:\/\/pocinhos.pb.gov.br\/site\/wp-json\/wp\/v2\/categories?post=7325"},{"taxonomy":"post_tag","embeddable":true,"href":"https:\/\/pocinhos.pb.gov.br\/site\/wp-json\/wp\/v2\/tags?post=7325"}],"curies":[{"name":"wp","href":"https:\/\/api.w.org\/{rel}","templated":true}]}}