{"id":7331,"date":"2025-12-09T15:54:27","date_gmt":"2025-12-09T15:54:27","guid":{"rendered":"https:\/\/pocinhos.pb.gov.br\/site\/?p=7331"},"modified":"2025-12-10T15:58:40","modified_gmt":"2025-12-10T15:58:40","slug":"pocinhos-realiza-o-ascender-das-luzes-e-abre-oficialmente-o-natal-iluminado-2025","status":"publish","type":"post","link":"https:\/\/pocinhos.pb.gov.br\/site\/pocinhos-realiza-o-ascender-das-luzes-e-abre-oficialmente-o-natal-iluminado-2025\/","title":{"rendered":"Pocinhos realiza o ascender das luzes e abre oficialmente o Natal Iluminado 2025"},"content":{"rendered":"<p class=\"p1\"><span class=\"s1\">A magia do Natal tomou conta de Pocinhos na noite desta segunda-feira (8) com o acender oficial das luzes natalinas. O evento, que reuniu fam\u00edlias na Pra\u00e7a Central, marcou o in\u00edcio da programa\u00e7\u00e3o do Natal Iluminado de Pocinhos, que segue aberto ao p\u00fablico at\u00e9 o dia 6 de janeiro de 2026.<\/span><\/p>\n<p class=\"p1\"><span class=\"s1\">Com cen\u00e1rios tem\u00e1ticos e uma ilumina\u00e7\u00e3o especial que transforma o munic\u00edpio, Pocinhos passou a respirar ainda mais o clima natalino. O acender das luzes emocionou moradores e visitantes, que celebraram juntos o esp\u00edrito de uni\u00e3o, esperan\u00e7a e renova\u00e7\u00e3o caracter\u00edstico desta \u00e9poca do ano.<\/span><\/p>\n<p class=\"p1\"><span class=\"s1\">A decora\u00e7\u00e3o preparada com carinho pela gest\u00e3o municipal juntamente com a Secret\u00e1ria de Turismo, Marissandra Porto que desempenhou um importante papel na organiza\u00e7\u00e3o e execu\u00e7\u00e3o do projeto, tem como objetivo valorizar os espa\u00e7os da cidade e oferecer um ambiente acolhedor para que as fam\u00edlias vivam momentos especiais ao longo de todo o m\u00eas de dezembro.<\/span><\/p>\n<p class=\"p1\"><span class=\"s1\">A gest\u00e3o municipal celebra o resultado e refor\u00e7a o convite para que todos aproveitem o per\u00edodo, registrem seus momentos nos cen\u00e1rios iluminados e vivam a magia do Natal em Pocinhos, que permanecer\u00e1 brilhando at\u00e9 o in\u00edcio de janeiro.<\/span><\/p>\n","protected":false},"excerpt":{"rendered":"<p>A magia do Natal tomou conta de Pocinhos na noite desta segunda-feira (8) com o acender oficial das luzes natalinas. O evento, que reuniu fam\u00edlias na Pra\u00e7a Central, marcou o in\u00edcio da programa\u00e7\u00e3o do Natal Iluminado de Pocinhos, que segue aberto ao p\u00fablico at\u00e9 o dia 6 de janeiro de 2026. Com cen\u00e1rios tem\u00e1ticos e&#8230;<\/p>\n","protected":false},"author":4,"featured_media":7332,"comment_status":"closed","ping_status":"open","sticky":false,"template":"","format":"standard","meta":{"footnotes":""},"categories":[2],"tags":[],"class_list":["post-7331","post","type-post","status-publish","format-standard","has-post-thumbnail","hentry","category-noticias"],"aioseo_notices":[],"_links":{"self":[{"href":"https:\/\/pocinhos.pb.gov.br\/site\/wp-json\/wp\/v2\/posts\/7331","targetHints":{"allow":["GET"]}}],"collection":[{"href":"https:\/\/pocinhos.pb.gov.br\/site\/wp-json\/wp\/v2\/posts"}],"about":[{"href":"https:\/\/pocinhos.pb.gov.br\/site\/wp-json\/wp\/v2\/types\/post"}],"author":[{"embeddable":true,"href":"https:\/\/pocinhos.pb.gov.br\/site\/wp-json\/wp\/v2\/users\/4"}],"replies":[{"embeddable":true,"href":"https:\/\/pocinhos.pb.gov.br\/site\/wp-json\/wp\/v2\/comments?post=7331"}],"version-history":[{"count":1,"href":"https:\/\/pocinhos.pb.gov.br\/site\/wp-json\/wp\/v2\/posts\/7331\/revisions"}],"predecessor-version":[{"id":7333,"href":"https:\/\/pocinhos.pb.gov.br\/site\/wp-json\/wp\/v2\/posts\/7331\/revisions\/7333"}],"wp:featuredmedia":[{"embeddable":true,"href":"https:\/\/pocinhos.pb.gov.br\/site\/wp-json\/wp\/v2\/media\/7332"}],"wp:attachment":[{"href":"https:\/\/pocinhos.pb.gov.br\/site\/wp-json\/wp\/v2\/media?parent=7331"}],"wp:term":[{"taxonomy":"category","embeddable":true,"href":"https:\/\/pocinhos.pb.gov.br\/site\/wp-json\/wp\/v2\/categories?post=7331"},{"taxonomy":"post_tag","embeddable":true,"href":"https:\/\/pocinhos.pb.gov.br\/site\/wp-json\/wp\/v2\/tags?post=7331"}],"curies":[{"name":"wp","href":"https:\/\/api.w.org\/{rel}","templated":true}]}}