{"id":7526,"date":"2026-01-21T19:36:21","date_gmt":"2026-01-21T19:36:21","guid":{"rendered":"https:\/\/pocinhos.pb.gov.br\/site\/?p=7526"},"modified":"2026-01-21T21:40:20","modified_gmt":"2026-01-21T21:40:20","slug":"gestao-da-prefeita-eliane-galdino-garante-a-pocinhos-o-selo-ouro-do-mec-na-alfabetizacao","status":"publish","type":"post","link":"https:\/\/pocinhos.pb.gov.br\/site\/gestao-da-prefeita-eliane-galdino-garante-a-pocinhos-o-selo-ouro-do-mec-na-alfabetizacao\/","title":{"rendered":"Gest\u00e3o da prefeita Eliane Galdino garante a Pocinhos o Selo Ouro do MEC na Alfabetiza\u00e7\u00e3o"},"content":{"rendered":"<p class=\"p1\"><span class=\"s1\">O munic\u00edpio de <\/span><span class=\"s2\">Pocinhos<\/span><span class=\"s1\"> conquistou o <\/span><span class=\"s2\">Selo Nacional Compromisso com a Alfabetiza\u00e7\u00e3o \u2013 Selo Ouro<\/span><span class=\"s1\">, certifica\u00e7\u00e3o concedida pelo <\/span><span class=\"s2\">Minist\u00e9rio da Educa\u00e7\u00e3o (MEC)<\/span><span class=\"s1\"> aos munic\u00edpios que se destacam pelo compromisso com a alfabetiza\u00e7\u00e3o na idade certa. O reconhecimento, registrado nos sistemas oficiais do MEC, confirma que o munic\u00edpio atendeu integralmente aos crit\u00e9rios t\u00e9cnicos e pedag\u00f3gicos estabelecidos pelo programa.<\/span><\/p>\n<p class=\"p1\"><span class=\"s1\">A conquista \u00e9 resultado direto do <\/span><span class=\"s2\">compromisso da gest\u00e3o da prefeita Eliane Galdino<\/span><span class=\"s1\">, <\/span>que tem colocado a educa\u00e7\u00e3o como prioridade absoluta, assegurando investimentos, planejamento estrat\u00e9gico e apoio institucional permanente \u00e0s a\u00e7\u00f5es desenvolvidas pela rede municipal de ensino.<\/p>\n<p class=\"p1\"><span class=\"s1\">Sob sua lideran\u00e7a, a Prefeitura de Pocinhos fortaleceu a organiza\u00e7\u00e3o pedag\u00f3gica, ampliou <\/span><span class=\"s1\">a forma\u00e7\u00e3o continuada dos professores, <\/span><span class=\"s2\">aumentou a oferta de matr\u00edculas na educa\u00e7\u00e3o <\/span><span class=\"s2\">infantil<\/span><span class=\"s1\"> e consolidou o acompanhamento sistem\u00e1tico da aprendizagem, a\u00e7\u00f5es <\/span>fundamentais para alcan\u00e7ar o mais alto n\u00edvel de certifica\u00e7\u00e3o nacional.<\/p>\n<p class=\"p1\"><span class=\"s1\">O resultado tamb\u00e9m reflete o trabalho articulado da <\/span><span class=\"s2\">Secretaria Municipal de Educa\u00e7\u00e3o<\/span><span class=\"s1\">, gestores escolares, coordenadores pedag\u00f3gicos, professores e equipes t\u00e9cnicas que, com o apoio da gest\u00e3o municipal, atuam de forma integrada para assegurar o direito de <\/span>aprender de todas as crian\u00e7as.<\/p>\n<p class=\"p1\"><span class=\"s1\">Com o <\/span><span class=\"s2\">Selo Ouro<\/span><span class=\"s1\">, Pocinhos consolida-se como refer\u00eancia na alfabetiza\u00e7\u00e3o na Para\u00edba, <\/span>reafirmando que uma gest\u00e3o comprometida com a educa\u00e7\u00e3o transforma realidades e constr\u00f3i um futuro melhor.<\/p>\n<p class=\"p1\"><span class=\"s1\">A <\/span><span class=\"s2\">cerim\u00f4nia oficial de entrega do emblema<\/span><span class=\"s1\"> acontecer\u00e1 em <\/span><span class=\"s2\">Bras\u00edlia<\/span><span class=\"s1\">, no m\u00eas de <\/span><span class=\"s2\">fevereiro de 2026<\/span><span class=\"s1\">, com a presen\u00e7a de <\/span><span class=\"s2\">representantes do Minist\u00e9rio da Educa\u00e7\u00e3o, <\/span><span class=\"s2\">gestores municipais e autoridades educacionais<\/span><span class=\"s1\">, celebrando essa importante conquista para a educa\u00e7\u00e3o de Pocinhos.<\/span><\/p>\n","protected":false},"excerpt":{"rendered":"<p>O munic\u00edpio de Pocinhos conquistou o Selo Nacional Compromisso com a Alfabetiza\u00e7\u00e3o \u2013 Selo Ouro, certifica\u00e7\u00e3o concedida pelo Minist\u00e9rio da Educa\u00e7\u00e3o (MEC) aos munic\u00edpios que se destacam pelo compromisso com a alfabetiza\u00e7\u00e3o na idade certa. O reconhecimento, registrado nos sistemas oficiais do MEC, confirma que o munic\u00edpio atendeu integralmente aos crit\u00e9rios t\u00e9cnicos e pedag\u00f3gicos estabelecidos&#8230;<\/p>\n","protected":false},"author":4,"featured_media":7532,"comment_status":"closed","ping_status":"open","sticky":false,"template":"","format":"standard","meta":{"footnotes":""},"categories":[2],"tags":[],"class_list":["post-7526","post","type-post","status-publish","format-standard","has-post-thumbnail","hentry","category-noticias"],"aioseo_notices":[],"_links":{"self":[{"href":"https:\/\/pocinhos.pb.gov.br\/site\/wp-json\/wp\/v2\/posts\/7526","targetHints":{"allow":["GET"]}}],"collection":[{"href":"https:\/\/pocinhos.pb.gov.br\/site\/wp-json\/wp\/v2\/posts"}],"about":[{"href":"https:\/\/pocinhos.pb.gov.br\/site\/wp-json\/wp\/v2\/types\/post"}],"author":[{"embeddable":true,"href":"https:\/\/pocinhos.pb.gov.br\/site\/wp-json\/wp\/v2\/users\/4"}],"replies":[{"embeddable":true,"href":"https:\/\/pocinhos.pb.gov.br\/site\/wp-json\/wp\/v2\/comments?post=7526"}],"version-history":[{"count":1,"href":"https:\/\/pocinhos.pb.gov.br\/site\/wp-json\/wp\/v2\/posts\/7526\/revisions"}],"predecessor-version":[{"id":7528,"href":"https:\/\/pocinhos.pb.gov.br\/site\/wp-json\/wp\/v2\/posts\/7526\/revisions\/7528"}],"wp:featuredmedia":[{"embeddable":true,"href":"https:\/\/pocinhos.pb.gov.br\/site\/wp-json\/wp\/v2\/media\/7532"}],"wp:attachment":[{"href":"https:\/\/pocinhos.pb.gov.br\/site\/wp-json\/wp\/v2\/media?parent=7526"}],"wp:term":[{"taxonomy":"category","embeddable":true,"href":"https:\/\/pocinhos.pb.gov.br\/site\/wp-json\/wp\/v2\/categories?post=7526"},{"taxonomy":"post_tag","embeddable":true,"href":"https:\/\/pocinhos.pb.gov.br\/site\/wp-json\/wp\/v2\/tags?post=7526"}],"curies":[{"name":"wp","href":"https:\/\/api.w.org\/{rel}","templated":true}]}}