{"id":7529,"date":"2026-01-21T19:45:48","date_gmt":"2026-01-21T19:45:48","guid":{"rendered":"https:\/\/pocinhos.pb.gov.br\/site\/?p=7529"},"modified":"2026-01-21T21:42:44","modified_gmt":"2026-01-21T21:42:44","slug":"sob-a-lideranca-da-prefeita-eliane-galdino-pocinhos-avanca-de-41-para-84-na-fluencia-em-leitura","status":"publish","type":"post","link":"https:\/\/pocinhos.pb.gov.br\/site\/sob-a-lideranca-da-prefeita-eliane-galdino-pocinhos-avanca-de-41-para-84-na-fluencia-em-leitura\/","title":{"rendered":"Sob a lideran\u00e7a da prefeita Eliane Galdino, Pocinhos avan\u00e7a de 41% para 84% na flu\u00eancia em leitura"},"content":{"rendered":"<p class=\"p1\"><span class=\"s1\">O munic\u00edpio de <\/span><span class=\"s2\">Pocinhos<\/span><span class=\"s1\"> registrou um avan\u00e7o hist\u00f3rico na <\/span><span class=\"s2\">Avalia\u00e7\u00e3o de Flu\u00eancia em <\/span><span class=\"s2\">Leitura \u2013 Sa\u00edda 2025<\/span><span class=\"s1\">, alcan\u00e7ando <\/span><span class=\"s2\">84% de flu\u00eancia leitora<\/span><span class=\"s1\">, resultado expressivamente <\/span><span class=\"s1\">superior aos <\/span><span class=\"s2\">41% registrados na avalia\u00e7\u00e3o de entrada<\/span><span class=\"s1\">. O crescimento evidencia a <\/span>efetividade das pol\u00edticas educacionais implementadas pela gest\u00e3o municipal.<\/p>\n<p class=\"p1\"><span class=\"s1\">O avan\u00e7o \u00e9 fruto do trabalho planejado e cont\u00ednuo desenvolvido pela <\/span><span class=\"s2\">Prefeitura de <\/span><span class=\"s2\">Pocinhos<\/span><span class=\"s1\">, sob a lideran\u00e7a da <\/span><span class=\"s2\">prefeita Eliane Galdino<\/span><span class=\"s1\">, que tem investido de forma <\/span>respons\u00e1vel na alfabetiza\u00e7\u00e3o, no acompanhamento pedag\u00f3gico e no fortalecimento da rede municipal de ensino.<\/p>\n<p class=\"p1\"><span class=\"s1\">A Avalia\u00e7\u00e3o de Flu\u00eancia em Leitura \u00e9 um instrumento diagn\u00f3stico que mede a capacidade dos estudantes de ler com precis\u00e3o, ritmo e compreens\u00e3o, permitindo \u00e0 gest\u00e3o educacional acompanhar a evolu\u00e7\u00e3o da aprendizagem e orientar interven\u00e7\u00f5es pedag\u00f3gicas mais eficazes.<\/span><\/p>\n<p class=\"p1\"><span class=\"s1\">Com o apoio direto da prefeita, a <\/span><span class=\"s2\">Secretaria Municipal de Educa\u00e7\u00e3o<\/span><span class=\"s1\"> intensificou a\u00e7\u00f5es <\/span>de monitoramento, forma\u00e7\u00e3o e suporte \u00e0s escolas, garantindo que as pol\u00edticas p\u00fablicas chegassem \u00e0 sala de aula e se refletissem em resultados concretos.<\/p>\n<p class=\"p1\"><span class=\"s1\">O desempenho alcan\u00e7ado reafirma o compromisso da <\/span><span class=\"s2\">gest\u00e3o Eliane Galdino<\/span><span class=\"s1\"> com uma educa\u00e7\u00e3o p\u00fablica de qualidade, baseada em planejamento, acompanhamento e foco na <\/span>aprendizagem das crian\u00e7as de Pocinhos.<\/p>\n","protected":false},"excerpt":{"rendered":"<p>O munic\u00edpio de Pocinhos registrou um avan\u00e7o hist\u00f3rico na Avalia\u00e7\u00e3o de Flu\u00eancia em Leitura \u2013 Sa\u00edda 2025, alcan\u00e7ando 84% de flu\u00eancia leitora, resultado expressivamente superior aos 41% registrados na avalia\u00e7\u00e3o de entrada. O crescimento evidencia a efetividade das pol\u00edticas educacionais implementadas pela gest\u00e3o municipal. O avan\u00e7o \u00e9 fruto do trabalho planejado e cont\u00ednuo desenvolvido pela&#8230;<\/p>\n","protected":false},"author":4,"featured_media":7533,"comment_status":"closed","ping_status":"open","sticky":false,"template":"","format":"standard","meta":{"footnotes":""},"categories":[2],"tags":[],"class_list":["post-7529","post","type-post","status-publish","format-standard","has-post-thumbnail","hentry","category-noticias"],"aioseo_notices":[],"_links":{"self":[{"href":"https:\/\/pocinhos.pb.gov.br\/site\/wp-json\/wp\/v2\/posts\/7529","targetHints":{"allow":["GET"]}}],"collection":[{"href":"https:\/\/pocinhos.pb.gov.br\/site\/wp-json\/wp\/v2\/posts"}],"about":[{"href":"https:\/\/pocinhos.pb.gov.br\/site\/wp-json\/wp\/v2\/types\/post"}],"author":[{"embeddable":true,"href":"https:\/\/pocinhos.pb.gov.br\/site\/wp-json\/wp\/v2\/users\/4"}],"replies":[{"embeddable":true,"href":"https:\/\/pocinhos.pb.gov.br\/site\/wp-json\/wp\/v2\/comments?post=7529"}],"version-history":[{"count":1,"href":"https:\/\/pocinhos.pb.gov.br\/site\/wp-json\/wp\/v2\/posts\/7529\/revisions"}],"predecessor-version":[{"id":7530,"href":"https:\/\/pocinhos.pb.gov.br\/site\/wp-json\/wp\/v2\/posts\/7529\/revisions\/7530"}],"wp:featuredmedia":[{"embeddable":true,"href":"https:\/\/pocinhos.pb.gov.br\/site\/wp-json\/wp\/v2\/media\/7533"}],"wp:attachment":[{"href":"https:\/\/pocinhos.pb.gov.br\/site\/wp-json\/wp\/v2\/media?parent=7529"}],"wp:term":[{"taxonomy":"category","embeddable":true,"href":"https:\/\/pocinhos.pb.gov.br\/site\/wp-json\/wp\/v2\/categories?post=7529"},{"taxonomy":"post_tag","embeddable":true,"href":"https:\/\/pocinhos.pb.gov.br\/site\/wp-json\/wp\/v2\/tags?post=7529"}],"curies":[{"name":"wp","href":"https:\/\/api.w.org\/{rel}","templated":true}]}}