{"id":7543,"date":"2026-01-23T19:33:47","date_gmt":"2026-01-23T19:33:47","guid":{"rendered":"https:\/\/pocinhos.pb.gov.br\/site\/?p=7543"},"modified":"2026-01-23T19:33:47","modified_gmt":"2026-01-23T19:33:47","slug":"obra-de-pavimentacao-que-liga-pocinhos-a-olivedos-e-autorizada-e-marca-novo-avanco-para-a-regiao","status":"publish","type":"post","link":"https:\/\/pocinhos.pb.gov.br\/site\/obra-de-pavimentacao-que-liga-pocinhos-a-olivedos-e-autorizada-e-marca-novo-avanco-para-a-regiao\/","title":{"rendered":"Obra de pavimenta\u00e7\u00e3o que liga Pocinhos a Olivedos \u00e9 autorizada e marca novo avan\u00e7o para a regi\u00e3o"},"content":{"rendered":"<p class=\"p1\"><span class=\"s1\">Aconteceu nesta sexta-feira (23), a assinatura da ordem de servi\u00e7o para a obra de pavimenta\u00e7\u00e3o da estrada que ligar\u00e1 o munic\u00edpio de Pocinhos a Olivedos, passando pelo Distrito de Nazar\u00e9. A iniciativa representa um importante marco para o desenvolvimento regional, garantindo mais mobilidade, integra\u00e7\u00e3o entre os munic\u00edpios e melhoria na qualidade de vida da popula\u00e7\u00e3o.<\/span><\/p>\n<p class=\"p1\"><span class=\"s1\">A obra atender\u00e1 uma demanda hist\u00f3rica dos moradores da regi\u00e3o, facilitando o deslocamento de pessoas e fortalecendo a economia dos munic\u00edpios beneficiados. Al\u00e9m disso, a pavimenta\u00e7\u00e3o proporcionar\u00e1 mais seguran\u00e7a e conforto para quem utiliza a via diariamente.<\/span><\/p>\n<p class=\"p1\"><span class=\"s1\">O ato contou com a presen\u00e7a de autoridades estaduais e municipais, entre elas a prefeita de Pocinhos, Eliane Galdino, vereadores dos dois munic\u00edpios, prefeitos da regi\u00e3o e lideran\u00e7as pol\u00edticas. A a\u00e7\u00e3o refor\u00e7a a import\u00e2ncia da uni\u00e3o entre os entes p\u00fablicos para a realiza\u00e7\u00e3o de investimentos estruturantes no interior da Para\u00edba.<\/span><\/p>\n<p class=\"p1\"><span class=\"s1\">A Prefeitura de Pocinhos segue trabalhando de forma respons\u00e1vel e comprometida, buscando parcerias e investimentos que garantam avan\u00e7os concretos para o munic\u00edpio e para toda a regi\u00e3o.<\/span><\/p>\n","protected":false},"excerpt":{"rendered":"<p>Aconteceu nesta sexta-feira (23), a assinatura da ordem de servi\u00e7o para a obra de pavimenta\u00e7\u00e3o da estrada que ligar\u00e1 o munic\u00edpio de Pocinhos a Olivedos, passando pelo Distrito de Nazar\u00e9. A iniciativa representa um importante marco para o desenvolvimento regional, garantindo mais mobilidade, integra\u00e7\u00e3o entre os munic\u00edpios e melhoria na qualidade de vida da popula\u00e7\u00e3o&#8230;.<\/p>\n","protected":false},"author":4,"featured_media":7545,"comment_status":"closed","ping_status":"open","sticky":false,"template":"","format":"standard","meta":{"footnotes":""},"categories":[2],"tags":[],"class_list":["post-7543","post","type-post","status-publish","format-standard","has-post-thumbnail","hentry","category-noticias"],"aioseo_notices":[],"_links":{"self":[{"href":"https:\/\/pocinhos.pb.gov.br\/site\/wp-json\/wp\/v2\/posts\/7543","targetHints":{"allow":["GET"]}}],"collection":[{"href":"https:\/\/pocinhos.pb.gov.br\/site\/wp-json\/wp\/v2\/posts"}],"about":[{"href":"https:\/\/pocinhos.pb.gov.br\/site\/wp-json\/wp\/v2\/types\/post"}],"author":[{"embeddable":true,"href":"https:\/\/pocinhos.pb.gov.br\/site\/wp-json\/wp\/v2\/users\/4"}],"replies":[{"embeddable":true,"href":"https:\/\/pocinhos.pb.gov.br\/site\/wp-json\/wp\/v2\/comments?post=7543"}],"version-history":[{"count":1,"href":"https:\/\/pocinhos.pb.gov.br\/site\/wp-json\/wp\/v2\/posts\/7543\/revisions"}],"predecessor-version":[{"id":7546,"href":"https:\/\/pocinhos.pb.gov.br\/site\/wp-json\/wp\/v2\/posts\/7543\/revisions\/7546"}],"wp:featuredmedia":[{"embeddable":true,"href":"https:\/\/pocinhos.pb.gov.br\/site\/wp-json\/wp\/v2\/media\/7545"}],"wp:attachment":[{"href":"https:\/\/pocinhos.pb.gov.br\/site\/wp-json\/wp\/v2\/media?parent=7543"}],"wp:term":[{"taxonomy":"category","embeddable":true,"href":"https:\/\/pocinhos.pb.gov.br\/site\/wp-json\/wp\/v2\/categories?post=7543"},{"taxonomy":"post_tag","embeddable":true,"href":"https:\/\/pocinhos.pb.gov.br\/site\/wp-json\/wp\/v2\/tags?post=7543"}],"curies":[{"name":"wp","href":"https:\/\/api.w.org\/{rel}","templated":true}]}}