{"id":7577,"date":"2026-02-03T12:50:23","date_gmt":"2026-02-03T12:50:23","guid":{"rendered":"https:\/\/pocinhos.pb.gov.br\/site\/?p=7577"},"modified":"2026-02-04T12:38:24","modified_gmt":"2026-02-04T12:38:24","slug":"prefeitura-de-pocinhos-inicia-recadastramento-de-servidores-municipais-durante-o-mes-de-fevereiro","status":"publish","type":"post","link":"https:\/\/pocinhos.pb.gov.br\/site\/prefeitura-de-pocinhos-inicia-recadastramento-de-servidores-municipais-durante-o-mes-de-fevereiro\/","title":{"rendered":"Prefeitura de Pocinhos inicia recadastramento de servidores municipais durante o m\u00eas de fevereiro"},"content":{"rendered":"<p class=\"p1\"><span class=\"s1\">A Prefeitura Municipal de Pocinhos iniciou o processo de recadastramento dos servidores p\u00fablicos municipais, conforme estabelecido em portaria oficial. A atualiza\u00e7\u00e3o cadastral \u00e9 obrigat\u00f3ria para todos os servidores efetivos, comissionados e contratados e ser\u00e1 realizada ao longo de todo o m\u00eas de fevereiro, com encerramento no dia 28 de fevereiro.<\/span><\/p>\n<p class=\"p1\"><span class=\"s1\">O procedimento pode ser feito de forma presencial ou online, conforme a lota\u00e7\u00e3o do servidor. Os servidores das Secretarias de Educa\u00e7\u00e3o, Sa\u00fade e Assist\u00eancia Social devem comparecer \u00e0s suas respectivas secretarias para efetuar o recadastramento. J\u00e1 os servidores das demais secretarias devem se dirigir \u00e0 sede da Prefeitura Municipal de Pocinhos.<\/span><\/p>\n<p class=\"p1\"><span class=\"s1\">Tamb\u00e9m est\u00e1 dispon\u00edvel a op\u00e7\u00e3o online, por meio do preenchimento da ficha de atualiza\u00e7\u00e3o de dados, dispon\u00edvel para download no site oficial da Prefeitura. Ap\u00f3s o preenchimento, o documento deve ser assinado pelo servidor e encaminhado para o e-mail: <\/span>pmp.pocinhos.recadastramento@gmail.com<span class=\"s1\">.<\/span><\/p>\n<p class=\"p1\"><span class=\"s1\">A iniciativa tem como objetivo manter o cadastro funcional atualizado, contribuindo para a organiza\u00e7\u00e3o administrativa, a transpar\u00eancia e a efici\u00eancia da gest\u00e3o p\u00fablica municipal.<\/span><\/p>\n","protected":false},"excerpt":{"rendered":"<p>A Prefeitura Municipal de Pocinhos iniciou o processo de recadastramento dos servidores p\u00fablicos municipais, conforme estabelecido em portaria oficial. A atualiza\u00e7\u00e3o cadastral \u00e9 obrigat\u00f3ria para todos os servidores efetivos, comissionados e contratados e ser\u00e1 realizada ao longo de todo o m\u00eas de fevereiro, com encerramento no dia 28 de fevereiro. O procedimento pode ser feito&#8230;<\/p>\n","protected":false},"author":4,"featured_media":7589,"comment_status":"closed","ping_status":"open","sticky":false,"template":"","format":"standard","meta":{"footnotes":""},"categories":[2],"tags":[],"class_list":["post-7577","post","type-post","status-publish","format-standard","has-post-thumbnail","hentry","category-noticias"],"aioseo_notices":[],"_links":{"self":[{"href":"https:\/\/pocinhos.pb.gov.br\/site\/wp-json\/wp\/v2\/posts\/7577","targetHints":{"allow":["GET"]}}],"collection":[{"href":"https:\/\/pocinhos.pb.gov.br\/site\/wp-json\/wp\/v2\/posts"}],"about":[{"href":"https:\/\/pocinhos.pb.gov.br\/site\/wp-json\/wp\/v2\/types\/post"}],"author":[{"embeddable":true,"href":"https:\/\/pocinhos.pb.gov.br\/site\/wp-json\/wp\/v2\/users\/4"}],"replies":[{"embeddable":true,"href":"https:\/\/pocinhos.pb.gov.br\/site\/wp-json\/wp\/v2\/comments?post=7577"}],"version-history":[{"count":2,"href":"https:\/\/pocinhos.pb.gov.br\/site\/wp-json\/wp\/v2\/posts\/7577\/revisions"}],"predecessor-version":[{"id":7581,"href":"https:\/\/pocinhos.pb.gov.br\/site\/wp-json\/wp\/v2\/posts\/7577\/revisions\/7581"}],"wp:featuredmedia":[{"embeddable":true,"href":"https:\/\/pocinhos.pb.gov.br\/site\/wp-json\/wp\/v2\/media\/7589"}],"wp:attachment":[{"href":"https:\/\/pocinhos.pb.gov.br\/site\/wp-json\/wp\/v2\/media?parent=7577"}],"wp:term":[{"taxonomy":"category","embeddable":true,"href":"https:\/\/pocinhos.pb.gov.br\/site\/wp-json\/wp\/v2\/categories?post=7577"},{"taxonomy":"post_tag","embeddable":true,"href":"https:\/\/pocinhos.pb.gov.br\/site\/wp-json\/wp\/v2\/tags?post=7577"}],"curies":[{"name":"wp","href":"https:\/\/api.w.org\/{rel}","templated":true}]}}