{"id":7610,"date":"2026-02-11T16:37:56","date_gmt":"2026-02-11T16:37:56","guid":{"rendered":"https:\/\/pocinhos.pb.gov.br\/site\/?p=7610"},"modified":"2026-02-11T16:37:56","modified_gmt":"2026-02-11T16:37:56","slug":"prefeitura-de-pocinhos-anuncia-criacao-de-escola-exclusiva-para-eja","status":"publish","type":"post","link":"https:\/\/pocinhos.pb.gov.br\/site\/prefeitura-de-pocinhos-anuncia-criacao-de-escola-exclusiva-para-eja\/","title":{"rendered":"Prefeitura de Pocinhos anuncia cria\u00e7\u00e3o de Escola Exclusiva para EJA"},"content":{"rendered":"<p data-start=\"1465\" data-end=\"1768\">A Prefeitura de Pocinhos apresentou a proposta de implanta\u00e7\u00e3o de uma Escola Exclusiva para a Educa\u00e7\u00e3o de Jovens e Adultos (EJA), com oferta integrada de cursos profissionalizantes. A iniciativa est\u00e1 alinhada \u00e0 Resolu\u00e7\u00e3o CNE n\u00ba 3\/2025 e representa um avan\u00e7o na pol\u00edtica municipal de inclus\u00e3o educacional.<\/p>\n<p data-start=\"1770\" data-end=\"2024\">O projeto prev\u00ea a reestrutura\u00e7\u00e3o de pr\u00e9dios escolares atualmente desativados, que ser\u00e3o adaptados para funcionar como um centro educacional voltado exclusivamente ao p\u00fablico da EJA, com metodologia adequada \u00e0s especificidades de jovens, adultos e idosos.<\/p>\n<p data-start=\"2026\" data-end=\"2347\">Levantamento realizado indica que, embora existam ofertas de EJA integrada \u00e0 forma\u00e7\u00e3o t\u00e9cnica em institui\u00e7\u00f5es estaduais e federais, n\u00e3o h\u00e1 registro de outro munic\u00edpio paraibano com escola f\u00edsica exclusiva para EJA funcionando nos tr\u00eas turnos e com curr\u00edculo profissionalizante integrado nos moldes propostos por Pocinhos.<\/p>\n<h3 data-start=\"2349\" data-end=\"2380\">Atendimento nos tr\u00eas turnos<\/h3>\n<p data-start=\"2382\" data-end=\"2463\">A escola ser\u00e1 organizada para garantir maior acesso e perman\u00eancia dos estudantes:<\/p>\n<ul data-start=\"2465\" data-end=\"2704\">\n<li data-start=\"2465\" data-end=\"2521\">\n<p data-start=\"2467\" data-end=\"2521\">Manh\u00e3: destinada a jovens com distor\u00e7\u00e3o idade-s\u00e9rie.<\/p>\n<\/li>\n<li data-start=\"2522\" data-end=\"2618\">\n<p data-start=\"2524\" data-end=\"2618\">Tarde: voltada especialmente para m\u00e3es que podem estudar enquanto os filhos est\u00e3o na escola.<\/p>\n<\/li>\n<li data-start=\"2619\" data-end=\"2704\">\n<p data-start=\"2621\" data-end=\"2704\">Noite: direcionada a trabalhadores e idosos com disponibilidade no per\u00edodo noturno.<\/p>\n<\/li>\n<\/ul>\n<h3 data-start=\"2706\" data-end=\"2753\">Curr\u00edculo integrado e forma\u00e7\u00e3o profissional<\/h3>\n<p data-start=\"2755\" data-end=\"2987\">O principal diferencial ser\u00e1 o curr\u00edculo integrado \u00e0 qualifica\u00e7\u00e3o profissional. O estudante poder\u00e1 concluir a educa\u00e7\u00e3o b\u00e1sica ao mesmo tempo em que desenvolve compet\u00eancias t\u00e9cnicas alinhadas \u00e0s demandas do mercado de trabalho local.<\/p>\n<p data-start=\"2989\" data-end=\"3211\">A iniciativa refor\u00e7a o compromisso da gest\u00e3o municipal com o Pacto EJA, amplia as oportunidades de inclus\u00e3o produtiva e consolida a educa\u00e7\u00e3o como instrumento de transforma\u00e7\u00e3o social e desenvolvimento econ\u00f4mico em Pocinhos.<\/p>\n","protected":false},"excerpt":{"rendered":"<p>A Prefeitura de Pocinhos apresentou a proposta de implanta\u00e7\u00e3o de uma Escola Exclusiva para a Educa\u00e7\u00e3o de Jovens e Adultos (EJA), com oferta integrada de cursos profissionalizantes. A iniciativa est\u00e1 alinhada \u00e0 Resolu\u00e7\u00e3o CNE n\u00ba 3\/2025 e representa um avan\u00e7o na pol\u00edtica municipal de inclus\u00e3o educacional. O projeto prev\u00ea a reestrutura\u00e7\u00e3o de pr\u00e9dios escolares atualmente&#8230;<\/p>\n","protected":false},"author":4,"featured_media":7611,"comment_status":"closed","ping_status":"open","sticky":false,"template":"","format":"standard","meta":{"footnotes":""},"categories":[2],"tags":[],"class_list":["post-7610","post","type-post","status-publish","format-standard","has-post-thumbnail","hentry","category-noticias"],"aioseo_notices":[],"_links":{"self":[{"href":"https:\/\/pocinhos.pb.gov.br\/site\/wp-json\/wp\/v2\/posts\/7610","targetHints":{"allow":["GET"]}}],"collection":[{"href":"https:\/\/pocinhos.pb.gov.br\/site\/wp-json\/wp\/v2\/posts"}],"about":[{"href":"https:\/\/pocinhos.pb.gov.br\/site\/wp-json\/wp\/v2\/types\/post"}],"author":[{"embeddable":true,"href":"https:\/\/pocinhos.pb.gov.br\/site\/wp-json\/wp\/v2\/users\/4"}],"replies":[{"embeddable":true,"href":"https:\/\/pocinhos.pb.gov.br\/site\/wp-json\/wp\/v2\/comments?post=7610"}],"version-history":[{"count":1,"href":"https:\/\/pocinhos.pb.gov.br\/site\/wp-json\/wp\/v2\/posts\/7610\/revisions"}],"predecessor-version":[{"id":7612,"href":"https:\/\/pocinhos.pb.gov.br\/site\/wp-json\/wp\/v2\/posts\/7610\/revisions\/7612"}],"wp:featuredmedia":[{"embeddable":true,"href":"https:\/\/pocinhos.pb.gov.br\/site\/wp-json\/wp\/v2\/media\/7611"}],"wp:attachment":[{"href":"https:\/\/pocinhos.pb.gov.br\/site\/wp-json\/wp\/v2\/media?parent=7610"}],"wp:term":[{"taxonomy":"category","embeddable":true,"href":"https:\/\/pocinhos.pb.gov.br\/site\/wp-json\/wp\/v2\/categories?post=7610"},{"taxonomy":"post_tag","embeddable":true,"href":"https:\/\/pocinhos.pb.gov.br\/site\/wp-json\/wp\/v2\/tags?post=7610"}],"curies":[{"name":"wp","href":"https:\/\/api.w.org\/{rel}","templated":true}]}}