{"id":7690,"date":"2026-03-04T13:58:56","date_gmt":"2026-03-04T13:58:56","guid":{"rendered":"https:\/\/pocinhos.pb.gov.br\/site\/?p=7690"},"modified":"2026-03-04T13:58:56","modified_gmt":"2026-03-04T13:58:56","slug":"chuvas-de-marco-trazem-esperanca-ao-campo-e-mobilizam-forca-tarefa-na-zona-urbana-de-pocinhos","status":"publish","type":"post","link":"https:\/\/pocinhos.pb.gov.br\/site\/chuvas-de-marco-trazem-esperanca-ao-campo-e-mobilizam-forca-tarefa-na-zona-urbana-de-pocinhos\/","title":{"rendered":"Chuvas de mar\u00e7o trazem esperan\u00e7a ao campo e mobilizam for\u00e7a-tarefa na zona urbana de Pocinhos"},"content":{"rendered":"<p data-start=\"197\" data-end=\"554\">As chuvas registradas no dia 1\u00ba de mar\u00e7o foram recebidas com alegria pelos agricultores de Pocinhos, que recentemente haviam acompanhado a publica\u00e7\u00e3o do reconhecimento nacional da situa\u00e7\u00e3o de estiagem no munic\u00edpio. A \u00e1gua que caiu do c\u00e9u renovou a esperan\u00e7a no campo, reacendendo expectativas para a produ\u00e7\u00e3o rural e fortalecendo a f\u00e9 de quem vive da terra.<\/p>\n<p data-start=\"556\" data-end=\"717\">Por outro lado, na zona urbana, o volume das chuvas provocou transtornos e momentos de ang\u00fastia para algumas fam\u00edlias que tiveram suas casas invadidas pela \u00e1gua.<\/p>\n<p data-start=\"719\" data-end=\"1111\">Diante da situa\u00e7\u00e3o, a prefeita <strong data-start=\"750\" data-end=\"791\"><span class=\"hover:entity-accent entity-underline inline cursor-pointer align-baseline\"><span class=\"whitespace-normal\">Eliane Galdino<\/span><\/span><\/strong> realizou visitas a todas as resid\u00eancias atingidas, acompanhada pelo secret\u00e1rio de Servi\u00e7os Urbanos, Edson; pelo secret\u00e1rio de Infraestrutura e vice-prefeito, S\u00f3stenes; e pela diretora do CRAS, Nilda. A equipe percorreu os im\u00f3veis afetados para avaliar os danos, ouvir os moradores e definir as provid\u00eancias necess\u00e1rias.<\/p>\n<p data-start=\"1113\" data-end=\"1348\">Durante as visitas, foram identificadas as principais demandas emergenciais, com encaminhamentos imediatos para minimizar os preju\u00edzos e planejar a\u00e7\u00f5es preventivas, considerando que h\u00e1 previs\u00e3o de novas chuvas ao longo do m\u00eas de mar\u00e7o.<\/p>\n<p data-start=\"1350\" data-end=\"1557\">A Prefeitura segue acompanhando de perto a situa\u00e7\u00e3o, com equipes mobilizadas para atuar tanto na assist\u00eancia \u00e0s fam\u00edlias quanto na ado\u00e7\u00e3o de medidas estruturais que reduzam riscos e evitem novos transtornos.<img fetchpriority=\"high\" decoding=\"async\" class=\"alignnone size-medium wp-image-7691\" src=\"https:\/\/pocinhos.pb.gov.br\/site\/wp-content\/uploads\/2026\/03\/DSC02698-scaled-e1772632717162-300x168.jpg\" alt=\"\" width=\"300\" height=\"168\" srcset=\"https:\/\/pocinhos.pb.gov.br\/site\/wp-content\/uploads\/2026\/03\/DSC02698-scaled-e1772632717162-300x168.jpg 300w, https:\/\/pocinhos.pb.gov.br\/site\/wp-content\/uploads\/2026\/03\/DSC02698-scaled-e1772632717162-1024x574.jpg 1024w, https:\/\/pocinhos.pb.gov.br\/site\/wp-content\/uploads\/2026\/03\/DSC02698-scaled-e1772632717162-768x431.jpg 768w, https:\/\/pocinhos.pb.gov.br\/site\/wp-content\/uploads\/2026\/03\/DSC02698-scaled-e1772632717162.jpg 1498w\" sizes=\"(max-width: 300px) 100vw, 300px\" \/><\/p>\n","protected":false},"excerpt":{"rendered":"<p>As chuvas registradas no dia 1\u00ba de mar\u00e7o foram recebidas com alegria pelos agricultores de Pocinhos, que recentemente haviam acompanhado a publica\u00e7\u00e3o do reconhecimento nacional da situa\u00e7\u00e3o de estiagem no munic\u00edpio. A \u00e1gua que caiu do c\u00e9u renovou a esperan\u00e7a no campo, reacendendo expectativas para a produ\u00e7\u00e3o rural e fortalecendo a f\u00e9 de quem vive&#8230;<\/p>\n","protected":false},"author":4,"featured_media":0,"comment_status":"closed","ping_status":"open","sticky":false,"template":"","format":"standard","meta":{"footnotes":""},"categories":[1],"tags":[],"class_list":["post-7690","post","type-post","status-publish","format-standard","hentry","category-uncategorized"],"aioseo_notices":[],"_links":{"self":[{"href":"https:\/\/pocinhos.pb.gov.br\/site\/wp-json\/wp\/v2\/posts\/7690","targetHints":{"allow":["GET"]}}],"collection":[{"href":"https:\/\/pocinhos.pb.gov.br\/site\/wp-json\/wp\/v2\/posts"}],"about":[{"href":"https:\/\/pocinhos.pb.gov.br\/site\/wp-json\/wp\/v2\/types\/post"}],"author":[{"embeddable":true,"href":"https:\/\/pocinhos.pb.gov.br\/site\/wp-json\/wp\/v2\/users\/4"}],"replies":[{"embeddable":true,"href":"https:\/\/pocinhos.pb.gov.br\/site\/wp-json\/wp\/v2\/comments?post=7690"}],"version-history":[{"count":1,"href":"https:\/\/pocinhos.pb.gov.br\/site\/wp-json\/wp\/v2\/posts\/7690\/revisions"}],"predecessor-version":[{"id":7692,"href":"https:\/\/pocinhos.pb.gov.br\/site\/wp-json\/wp\/v2\/posts\/7690\/revisions\/7692"}],"wp:attachment":[{"href":"https:\/\/pocinhos.pb.gov.br\/site\/wp-json\/wp\/v2\/media?parent=7690"}],"wp:term":[{"taxonomy":"category","embeddable":true,"href":"https:\/\/pocinhos.pb.gov.br\/site\/wp-json\/wp\/v2\/categories?post=7690"},{"taxonomy":"post_tag","embeddable":true,"href":"https:\/\/pocinhos.pb.gov.br\/site\/wp-json\/wp\/v2\/tags?post=7690"}],"curies":[{"name":"wp","href":"https:\/\/api.w.org\/{rel}","templated":true}]}}