{"id":7741,"date":"2026-03-16T20:34:31","date_gmt":"2026-03-16T20:34:31","guid":{"rendered":"https:\/\/pocinhos.pb.gov.br\/site\/?p=7741"},"modified":"2026-03-16T20:34:31","modified_gmt":"2026-03-16T20:34:31","slug":"prefeitura-de-pocinhos-abre-inscricoes-para-a-politica-nacional-aldir-blanc-com-50-vagas-para-agentes-culturais","status":"publish","type":"post","link":"https:\/\/pocinhos.pb.gov.br\/site\/prefeitura-de-pocinhos-abre-inscricoes-para-a-politica-nacional-aldir-blanc-com-50-vagas-para-agentes-culturais\/","title":{"rendered":"Prefeitura de Pocinhos abre inscri\u00e7\u00f5es para a Pol\u00edtica Nacional Aldir Blanc com 50 vagas para agentes culturais"},"content":{"rendered":"<p class=\"p1\"><span class=\"s1\">A Prefeitura Municipal de Pocinhos, por meio da Secretaria de Cultura e Esporte, est\u00e1 com inscri\u00e7\u00f5es abertas para a Pol\u00edtica Nacional Aldir Blanc de Fomento \u00e0 Cultura (PNAB), uma importante iniciativa de incentivo e valoriza\u00e7\u00e3o dos fazedores de cultura do munic\u00edpio.<\/span><\/p>\n<p class=\"p1\"><span class=\"s1\">As inscri\u00e7\u00f5es acontecem de 16 a 27 de mar\u00e7o, sempre das 08h \u00e0s 12h, na sede da Secretaria de Cultura e Esporte. Ao todo, ser\u00e3o disponibilizadas 50 vagas em diversas \u00e1reas culturais, contemplando artistas, grupos, coletivos e trabalhadores da cultura local.<\/span><\/p>\n<p class=\"p1\"><span class=\"s1\">A PNAB \u00e9 uma pol\u00edtica p\u00fablica do Minist\u00e9rio da Cultura e do Governo do Brasil que tem como objetivo fortalecer o setor cultural em todo o pa\u00eds, promovendo o acesso a recursos e incentivando a produ\u00e7\u00e3o art\u00edstica nas mais diversas linguagens.<\/span><\/p>\n<p class=\"p1\"><span class=\"s1\">Em Pocinhos, a iniciativa representa mais um passo importante para o fortalecimento da cultura local, garantindo oportunidades para m\u00fasicos, poetas, artes\u00e3os, produtores culturais, dan\u00e7arinos, artistas visuais, grupos teatrais e outros profissionais da \u00e1rea.<\/span><\/p>\n<p class=\"p1\"><span class=\"s1\">De acordo com a gest\u00e3o municipal, a a\u00e7\u00e3o busca valorizar os talentos da terra, incentivar novas produ\u00e7\u00f5es culturais e ampliar o acesso \u00e0s pol\u00edticas p\u00fablicas de cultura, contribuindo tamb\u00e9m para o desenvolvimento social e econ\u00f4mico do munic\u00edpio.<\/span><\/p>\n","protected":false},"excerpt":{"rendered":"<p>A Prefeitura Municipal de Pocinhos, por meio da Secretaria de Cultura e Esporte, est\u00e1 com inscri\u00e7\u00f5es abertas para a Pol\u00edtica Nacional Aldir Blanc de Fomento \u00e0 Cultura (PNAB), uma importante iniciativa de incentivo e valoriza\u00e7\u00e3o dos fazedores de cultura do munic\u00edpio. As inscri\u00e7\u00f5es acontecem de 16 a 27 de mar\u00e7o, sempre das 08h \u00e0s 12h,&#8230;<\/p>\n","protected":false},"author":4,"featured_media":7742,"comment_status":"closed","ping_status":"open","sticky":false,"template":"","format":"standard","meta":{"footnotes":""},"categories":[2],"tags":[],"class_list":["post-7741","post","type-post","status-publish","format-standard","has-post-thumbnail","hentry","category-noticias"],"aioseo_notices":[],"_links":{"self":[{"href":"https:\/\/pocinhos.pb.gov.br\/site\/wp-json\/wp\/v2\/posts\/7741","targetHints":{"allow":["GET"]}}],"collection":[{"href":"https:\/\/pocinhos.pb.gov.br\/site\/wp-json\/wp\/v2\/posts"}],"about":[{"href":"https:\/\/pocinhos.pb.gov.br\/site\/wp-json\/wp\/v2\/types\/post"}],"author":[{"embeddable":true,"href":"https:\/\/pocinhos.pb.gov.br\/site\/wp-json\/wp\/v2\/users\/4"}],"replies":[{"embeddable":true,"href":"https:\/\/pocinhos.pb.gov.br\/site\/wp-json\/wp\/v2\/comments?post=7741"}],"version-history":[{"count":1,"href":"https:\/\/pocinhos.pb.gov.br\/site\/wp-json\/wp\/v2\/posts\/7741\/revisions"}],"predecessor-version":[{"id":7743,"href":"https:\/\/pocinhos.pb.gov.br\/site\/wp-json\/wp\/v2\/posts\/7741\/revisions\/7743"}],"wp:featuredmedia":[{"embeddable":true,"href":"https:\/\/pocinhos.pb.gov.br\/site\/wp-json\/wp\/v2\/media\/7742"}],"wp:attachment":[{"href":"https:\/\/pocinhos.pb.gov.br\/site\/wp-json\/wp\/v2\/media?parent=7741"}],"wp:term":[{"taxonomy":"category","embeddable":true,"href":"https:\/\/pocinhos.pb.gov.br\/site\/wp-json\/wp\/v2\/categories?post=7741"},{"taxonomy":"post_tag","embeddable":true,"href":"https:\/\/pocinhos.pb.gov.br\/site\/wp-json\/wp\/v2\/tags?post=7741"}],"curies":[{"name":"wp","href":"https:\/\/api.w.org\/{rel}","templated":true}]}}