{"id":7757,"date":"2026-03-19T16:41:52","date_gmt":"2026-03-19T16:41:52","guid":{"rendered":"https:\/\/pocinhos.pb.gov.br\/site\/?p=7757"},"modified":"2026-03-19T16:41:52","modified_gmt":"2026-03-19T16:41:52","slug":"prefeitura-de-pocinhos-lanca-edital-para-pavimentacao-de-estrada-historica","status":"publish","type":"post","link":"https:\/\/pocinhos.pb.gov.br\/site\/prefeitura-de-pocinhos-lanca-edital-para-pavimentacao-de-estrada-historica\/","title":{"rendered":"Prefeitura de Pocinhos lan\u00e7a edital para pavimenta\u00e7\u00e3o de estrada hist\u00f3rica"},"content":{"rendered":"<p>A Prefeitura de Pocinhos anunciou o lan\u00e7amento do edital de licita\u00e7\u00e3o para a pavimenta\u00e7\u00e3o da estrada que liga o munic\u00edpio a Barra de Santa Rosa, um marco aguardado h\u00e1 d\u00e9cadas pela popula\u00e7\u00e3o.<\/p>\n<p>A obra representa a concretiza\u00e7\u00e3o de um sonho antigo dos pocinhenses, especialmente dos moradores mais antigos, que desde a inf\u00e2ncia convivem com a expectativa de ver a estrada transformada em um acesso pavimentado, seguro e capaz de melhorar a mobilidade entre as cidades.<\/p>\n<p>O avan\u00e7o do projeto \u00e9 resultado de importantes parcerias institucionais, com destaque para a atua\u00e7\u00e3o do deputado Adriano Galdino, do deputado Murilo Galdino e do governador Jo\u00e3o Azev\u00eado, que contribu\u00edram de forma decisiva para viabilizar a iniciativa.<\/p>\n<p>Com o lan\u00e7amento do edital, o munic\u00edpio d\u00e1 um passo importante para a execu\u00e7\u00e3o da obra, que deve impulsionar o desenvolvimento regional e facilitar o deslocamento da popula\u00e7\u00e3o.<\/p>\n<p>Acesse o edital completo:<\/p>\n<p><a href=\"https:\/\/pncp.gov.br\/app\/editais\/09122706000109\/2026\/000010\">https:\/\/pncp.gov.br\/app\/editais\/09122706000109\/2026\/000010<\/a><\/p>\n","protected":false},"excerpt":{"rendered":"<p>A Prefeitura de Pocinhos anunciou o lan\u00e7amento do edital de licita\u00e7\u00e3o para a pavimenta\u00e7\u00e3o da estrada que liga o munic\u00edpio a Barra de Santa Rosa, um marco aguardado h\u00e1 d\u00e9cadas pela popula\u00e7\u00e3o. A obra representa a concretiza\u00e7\u00e3o de um sonho antigo dos pocinhenses, especialmente dos moradores mais antigos, que desde a inf\u00e2ncia convivem com a&#8230;<\/p>\n","protected":false},"author":4,"featured_media":7758,"comment_status":"closed","ping_status":"open","sticky":false,"template":"","format":"standard","meta":{"footnotes":""},"categories":[2],"tags":[],"class_list":["post-7757","post","type-post","status-publish","format-standard","has-post-thumbnail","hentry","category-noticias"],"aioseo_notices":[],"_links":{"self":[{"href":"https:\/\/pocinhos.pb.gov.br\/site\/wp-json\/wp\/v2\/posts\/7757","targetHints":{"allow":["GET"]}}],"collection":[{"href":"https:\/\/pocinhos.pb.gov.br\/site\/wp-json\/wp\/v2\/posts"}],"about":[{"href":"https:\/\/pocinhos.pb.gov.br\/site\/wp-json\/wp\/v2\/types\/post"}],"author":[{"embeddable":true,"href":"https:\/\/pocinhos.pb.gov.br\/site\/wp-json\/wp\/v2\/users\/4"}],"replies":[{"embeddable":true,"href":"https:\/\/pocinhos.pb.gov.br\/site\/wp-json\/wp\/v2\/comments?post=7757"}],"version-history":[{"count":1,"href":"https:\/\/pocinhos.pb.gov.br\/site\/wp-json\/wp\/v2\/posts\/7757\/revisions"}],"predecessor-version":[{"id":7759,"href":"https:\/\/pocinhos.pb.gov.br\/site\/wp-json\/wp\/v2\/posts\/7757\/revisions\/7759"}],"wp:featuredmedia":[{"embeddable":true,"href":"https:\/\/pocinhos.pb.gov.br\/site\/wp-json\/wp\/v2\/media\/7758"}],"wp:attachment":[{"href":"https:\/\/pocinhos.pb.gov.br\/site\/wp-json\/wp\/v2\/media?parent=7757"}],"wp:term":[{"taxonomy":"category","embeddable":true,"href":"https:\/\/pocinhos.pb.gov.br\/site\/wp-json\/wp\/v2\/categories?post=7757"},{"taxonomy":"post_tag","embeddable":true,"href":"https:\/\/pocinhos.pb.gov.br\/site\/wp-json\/wp\/v2\/tags?post=7757"}],"curies":[{"name":"wp","href":"https:\/\/api.w.org\/{rel}","templated":true}]}}